{"id":23915,"date":"2018-10-22T10:03:53","date_gmt":"2018-10-22T13:03:53","guid":{"rendered":"http:\/\/www.corumbaonline.com.br\/news\/?p=23915"},"modified":"2018-10-22T11:21:43","modified_gmt":"2018-10-22T14:21:43","slug":"bolsonaro-e-haddad-adotam-distintas-formas-para-falar-com-o-eleitorado","status":"publish","type":"post","link":"https:\/\/www.corumbaonline.com.br\/news\/bolsonaro-e-haddad-adotam-distintas-formas-para-falar-com-o-eleitorado\/","title":{"rendered":"Bolsonaro e Haddad adotam distintas formas para falar com o eleitorado"},"content":{"rendered":"<p>Nesta \u00faltima semana para o segundo turno, os candidatos \u00e0 Presid\u00eancia Jair Bolsonaro (PSL) e Fernando Haddad (PT) adotam formas diferentes de lidar com os eleitores e a opini\u00e3o p\u00fablica. Bolsonaro aproveita os momentos para conceder entrevistas \u00e0 imprensa, enquanto Haddad intensifica sua participa\u00e7\u00e3o em atos de rua.<\/p>\n<div class=\"dnd-widget-wrapper context-cheio_8colunas type-image\">\n<div class=\"dnd-atom-rendered\">\n<figure class=\"mejs-fotoh-wrapper\">\n<p><figure style=\"width: 754px\" class=\"wp-caption alignnone\"><img loading=\"lazy\" decoding=\"async\" class=\"img-responsive full full\" title=\"T\u00e2nia Reg\u00f4 \/ Marcelo Camargo \/ Ag\u00eancia Brasil\/Ag\u00eancia Brasil\" src=\"http:\/\/imagens.ebc.com.br\/6LgLM-CrZrzw8oP_BzGJ9wYfKGU=\/754x0\/smart\/http:\/\/agenciabrasil.ebc.com.br\/sites\/default\/files\/thumbnails\/image\/bolsonaro_haddad_0.jpg?itok=BA_EOWh4\" alt=\"Candidatos \u00e0 Presid\u00eancia Jair Bolsonaro (PSL) e Fernando Haddad (PT).\" width=\"754\" height=\"503\" \/><figcaption class=\"wp-caption-text\">Os candidatos \u00e0 Presid\u00eancia Jair Bolsonaro (PSL) e Fernando Haddad (PT) (T\u00e2nia Reg\u00f4 \/ Marcelo Camargo \/ Ag\u00eancia Brasil)<\/figcaption><\/figure><\/figure>\n<\/div>\n<\/div>\n<p>Em S\u00e3o Paulo, Haddad tem encontro agora de manh\u00e3 com catadores, e \u00e0 noite participa de um ato denominado \u201cHaddad Sim &#8211; Todas e Todos pela Democracia\u201d, no bairro de classe m\u00e9dia alta de Perdizes. Amanh\u00e3 (23), ele dever\u00e1 estar no Rio de Janeiro, onde tamb\u00e9m faz campanha de rua.<\/p>\n<p>A agenda oficial de Bolsonaro n\u00e3o costuma ser divulgada. Em geral, ele passa os dias em casa, em um condom\u00ednio na Barra da Tijuca, no Rio de Janeiro, e sai apenas para gravar a participa\u00e7\u00e3o no hor\u00e1rio eleitoral, na resid\u00eancia do empres\u00e1rio Paulo Marinho. Ap\u00f3s as grava\u00e7\u00f5es, ele tem concedido entrevistas.<\/p>\n","protected":false},"excerpt":{"rendered":"<p>Nesta \u00faltima semana para o segundo turno, os candidatos \u00e0 Presid\u00eancia Jair Bolsonaro (PSL) e&#8230;<\/p>\n","protected":false},"author":1,"featured_media":0,"comment_status":"closed","ping_status":"closed","sticky":false,"template":"","format":"standard","meta":{"footnotes":""},"categories":[101,19],"tags":[],"class_list":["post-23915","post","type-post","status-publish","format-standard","hentry","category-eleicoes","category-politica"],"_links":{"self":[{"href":"https:\/\/www.corumbaonline.com.br\/news\/wp-json\/wp\/v2\/posts\/23915","targetHints":{"allow":["GET"]}}],"collection":[{"href":"https:\/\/www.corumbaonline.com.br\/news\/wp-json\/wp\/v2\/posts"}],"about":[{"href":"https:\/\/www.corumbaonline.com.br\/news\/wp-json\/wp\/v2\/types\/post"}],"author":[{"embeddable":true,"href":"https:\/\/www.corumbaonline.com.br\/news\/wp-json\/wp\/v2\/users\/1"}],"replies":[{"embeddable":true,"href":"https:\/\/www.corumbaonline.com.br\/news\/wp-json\/wp\/v2\/comments?post=23915"}],"version-history":[{"count":1,"href":"https:\/\/www.corumbaonline.com.br\/news\/wp-json\/wp\/v2\/posts\/23915\/revisions"}],"predecessor-version":[{"id":23916,"href":"https:\/\/www.corumbaonline.com.br\/news\/wp-json\/wp\/v2\/posts\/23915\/revisions\/23916"}],"wp:attachment":[{"href":"https:\/\/www.corumbaonline.com.br\/news\/wp-json\/wp\/v2\/media?parent=23915"}],"wp:term":[{"taxonomy":"category","embeddable":true,"href":"https:\/\/www.corumbaonline.com.br\/news\/wp-json\/wp\/v2\/categories?post=23915"},{"taxonomy":"post_tag","embeddable":true,"href":"https:\/\/www.corumbaonline.com.br\/news\/wp-json\/wp\/v2\/tags?post=23915"}],"curies":[{"name":"wp","href":"https:\/\/api.w.org\/{rel}","templated":true}]}}