{"id":23917,"date":"2018-10-22T10:16:25","date_gmt":"2018-10-22T13:16:25","guid":{"rendered":"http:\/\/www.corumbaonline.com.br\/news\/?p=23917"},"modified":"2018-10-22T11:42:54","modified_gmt":"2018-10-22T14:42:54","slug":"vereador-reforca-necessidade-de-ordenamento-do-transito-no-centro","status":"publish","type":"post","link":"https:\/\/www.corumbaonline.com.br\/news\/vereador-reforca-necessidade-de-ordenamento-do-transito-no-centro\/","title":{"rendered":"Vereador refor\u00e7a necessidade de ordenamento do tr\u00e2nsito no centro"},"content":{"rendered":"<p><span style=\"color: #000000;\">O ordenamento do tr\u00e2nsito na \u00e1rea urbana de Corumb\u00e1, especialmente no centro da cidade, est\u00e1 sendo refor\u00e7ado pelo vereador e presidente da C\u00e2mara Municipal, Evander Vendramini. Sua preocupa\u00e7\u00e3o passa diretamente pelo estacionamento, um componente considerado fundamental para a pol\u00edtica de mobilidade, refletindo diretamente na acessibilidade, beneficiando a popula\u00e7\u00e3o corumbaense.<\/span><\/p>\n<p><span style=\"color: #000000;\">Dias atr\u00e1s, Evander, por meio de requerimento, solicitou \u00e0 Prefeitura, estudos no sentido de criar e implementar um plano de gest\u00e3o de estacionamento na \u00e1rea central. A preocupa\u00e7\u00e3o inicial foi pelo fato de que, na regi\u00e3o, n\u00e3o h\u00e1 sinaliza\u00e7\u00e3o, vertical ou horizontal, delimitando vagas para estacionamento de carros e motos.<\/span><\/p>\n<p><span style=\"color: #000000;\">O vereador refor\u00e7ou essa necessidade durante sess\u00e3o da C\u00e2mara, salientando que \u00e9 preciso pensar tamb\u00e9m nos ciclistas. Ele sugeriu ao prefeito Marcelo Iunes, a implanta\u00e7\u00e3o de biciclet\u00e1rios no eixo central, para atender essa camada da popula\u00e7\u00e3o, que tem na bicicleta, o seu meio de transporte para se dirigir ao trabalho, principalmente.<\/span><\/p>\n<p><span style=\"color: #000000;\">\u201cS\u00e3o trabalhadores que precisam de uma aten\u00e7\u00e3o especial, um local para estacionar suas bicicletas, enquanto trabalham. Por isso mesmo estamos solicitando a instala\u00e7\u00e3o de biciclet\u00e1rios, locais onde os ciclistas poderiam deixar seus meios de locomo\u00e7\u00e3o, com seguran\u00e7a\u201d, afirmou.<\/span><\/p>\n<p><span style=\"color: #000000;\">Evander lembrou ainda que \u201co uso da bicicleta como meio de transporte, \u00e9 uma forma sustent\u00e1vel e saud\u00e1vel de locomo\u00e7\u00e3o, bastante utilizado em nossa cidade. Isso influencia diretamente na melhoria da qualidade de vida de quem utiliza esse meio de transporte, reflete na melhoria da mobilidade urbana, al\u00e9m de beneficiar o meio ambiente, e propiciar maior seguran\u00e7a para os ciclistas\u201d.<\/span><\/p>\n","protected":false},"excerpt":{"rendered":"<p>O ordenamento do tr\u00e2nsito na \u00e1rea urbana de Corumb\u00e1, especialmente no centro da cidade, est\u00e1&#8230;<\/p>\n","protected":false},"author":1,"featured_media":23918,"comment_status":"closed","ping_status":"closed","sticky":false,"template":"","format":"standard","meta":{"footnotes":""},"categories":[19],"tags":[],"class_list":["post-23917","post","type-post","status-publish","format-standard","has-post-thumbnail","hentry","category-politica"],"_links":{"self":[{"href":"https:\/\/www.corumbaonline.com.br\/news\/wp-json\/wp\/v2\/posts\/23917","targetHints":{"allow":["GET"]}}],"collection":[{"href":"https:\/\/www.corumbaonline.com.br\/news\/wp-json\/wp\/v2\/posts"}],"about":[{"href":"https:\/\/www.corumbaonline.com.br\/news\/wp-json\/wp\/v2\/types\/post"}],"author":[{"embeddable":true,"href":"https:\/\/www.corumbaonline.com.br\/news\/wp-json\/wp\/v2\/users\/1"}],"replies":[{"embeddable":true,"href":"https:\/\/www.corumbaonline.com.br\/news\/wp-json\/wp\/v2\/comments?post=23917"}],"version-history":[{"count":1,"href":"https:\/\/www.corumbaonline.com.br\/news\/wp-json\/wp\/v2\/posts\/23917\/revisions"}],"predecessor-version":[{"id":23919,"href":"https:\/\/www.corumbaonline.com.br\/news\/wp-json\/wp\/v2\/posts\/23917\/revisions\/23919"}],"wp:featuredmedia":[{"embeddable":true,"href":"https:\/\/www.corumbaonline.com.br\/news\/wp-json\/wp\/v2\/media\/23918"}],"wp:attachment":[{"href":"https:\/\/www.corumbaonline.com.br\/news\/wp-json\/wp\/v2\/media?parent=23917"}],"wp:term":[{"taxonomy":"category","embeddable":true,"href":"https:\/\/www.corumbaonline.com.br\/news\/wp-json\/wp\/v2\/categories?post=23917"},{"taxonomy":"post_tag","embeddable":true,"href":"https:\/\/www.corumbaonline.com.br\/news\/wp-json\/wp\/v2\/tags?post=23917"}],"curies":[{"name":"wp","href":"https:\/\/api.w.org\/{rel}","templated":true}]}}