{"id":23927,"date":"2018-10-22T11:18:51","date_gmt":"2018-10-22T14:18:51","guid":{"rendered":"http:\/\/www.corumbaonline.com.br\/news\/?p=23927"},"modified":"2018-10-22T12:50:26","modified_gmt":"2018-10-22T15:50:26","slug":"8a-acao-povo-das-aguas-comeca-nesta-terca-feira-na-regiao-do-taquari","status":"publish","type":"post","link":"https:\/\/www.corumbaonline.com.br\/news\/8a-acao-povo-das-aguas-comeca-nesta-terca-feira-na-regiao-do-taquari\/","title":{"rendered":"8\u00aa a\u00e7\u00e3o Povo das \u00c1guas come\u00e7a nesta ter\u00e7a-feira, na regi\u00e3o do Taquari"},"content":{"rendered":"<p>A oitava edi\u00e7\u00e3o de 2018 do Programa Social Povo das \u00c1guas come\u00e7a nesta ter\u00e7a-feira, 23 de outubro, quando parte da equipe multidisciplinar da Prefeitura estar\u00e1 no Porto Sairu, na Col\u00f4nia do Bracinho, das 9h \u00e0s 14 horas. A outra metade dos profissionais estar\u00e1, no mesmo hor\u00e1rio, no Porto Figueira.<\/p>\n<p>&nbsp;<\/p>\n<p>Na quarta-feira, 24, ser\u00e3o assistidos os ribeirinhos da regi\u00e3o da Col\u00f4nia S\u00e3o Domingos. O atendimento acontece no Porto Sagrado, das 9h \u00e0s 14 horas. No dia 25, quinta-feira, a equipe estar\u00e1 no Porto Santa Ana, tamb\u00e9m das 9h \u00e0s 14 horas, onde estar\u00e3o os moradores da Col\u00f4nia do Cedro e do Lim\u00e3ozinho.<\/p>\n<p>&nbsp;<\/p>\n<p>No dia 26, sexta-feira, os servidores da Prefeitura de Corumb\u00e1 tamb\u00e9m atender\u00e3o em dois locais: Porto Buritizal e Porto do Sr. Paulo Amaro. Nesses locais ser\u00e3o atendidos os ribeirinhos do Corix\u00e3o e Cedrinho. O atendimento \u00e9 das 9h \u00e0s 14 horas.<\/p>\n<p>&nbsp;<\/p>\n<p>A 8\u00aa A\u00e7\u00e3o Social Povo das \u00c1guas termina no s\u00e1bado, 27, no Porto Sete Irm\u00e3os, onde ser\u00e3o atendidos os moradores do Rio Negro, das 9h \u00e0s 12 horas. O Programa re\u00fane servidores da Secretaria de Sa\u00fade, Assist\u00eancia Social, Educa\u00e7\u00e3o, Defesa Civil e \u00e9 coordenado pela Secretaria Especial de Cidadania e Direitos Humanos.<\/p>\n","protected":false},"excerpt":{"rendered":"<p>A oitava edi\u00e7\u00e3o de 2018 do Programa Social Povo das \u00c1guas come\u00e7a nesta ter\u00e7a-feira, 23&#8230;<\/p>\n","protected":false},"author":1,"featured_media":23928,"comment_status":"closed","ping_status":"closed","sticky":false,"template":"","format":"standard","meta":{"footnotes":""},"categories":[8,14],"tags":[],"class_list":["post-23927","post","type-post","status-publish","format-standard","has-post-thumbnail","hentry","category-destaque","category-geral"],"_links":{"self":[{"href":"https:\/\/www.corumbaonline.com.br\/news\/wp-json\/wp\/v2\/posts\/23927","targetHints":{"allow":["GET"]}}],"collection":[{"href":"https:\/\/www.corumbaonline.com.br\/news\/wp-json\/wp\/v2\/posts"}],"about":[{"href":"https:\/\/www.corumbaonline.com.br\/news\/wp-json\/wp\/v2\/types\/post"}],"author":[{"embeddable":true,"href":"https:\/\/www.corumbaonline.com.br\/news\/wp-json\/wp\/v2\/users\/1"}],"replies":[{"embeddable":true,"href":"https:\/\/www.corumbaonline.com.br\/news\/wp-json\/wp\/v2\/comments?post=23927"}],"version-history":[{"count":1,"href":"https:\/\/www.corumbaonline.com.br\/news\/wp-json\/wp\/v2\/posts\/23927\/revisions"}],"predecessor-version":[{"id":23929,"href":"https:\/\/www.corumbaonline.com.br\/news\/wp-json\/wp\/v2\/posts\/23927\/revisions\/23929"}],"wp:featuredmedia":[{"embeddable":true,"href":"https:\/\/www.corumbaonline.com.br\/news\/wp-json\/wp\/v2\/media\/23928"}],"wp:attachment":[{"href":"https:\/\/www.corumbaonline.com.br\/news\/wp-json\/wp\/v2\/media?parent=23927"}],"wp:term":[{"taxonomy":"category","embeddable":true,"href":"https:\/\/www.corumbaonline.com.br\/news\/wp-json\/wp\/v2\/categories?post=23927"},{"taxonomy":"post_tag","embeddable":true,"href":"https:\/\/www.corumbaonline.com.br\/news\/wp-json\/wp\/v2\/tags?post=23927"}],"curies":[{"name":"wp","href":"https:\/\/api.w.org\/{rel}","templated":true}]}}