{"id":23930,"date":"2018-10-22T11:35:42","date_gmt":"2018-10-22T14:35:42","guid":{"rendered":"http:\/\/www.corumbaonline.com.br\/news\/?p=23930"},"modified":"2018-10-22T12:55:19","modified_gmt":"2018-10-22T15:55:19","slug":"prefeito-sanciona-lei-que-institui-o-conselho-municipal-antidrogas","status":"publish","type":"post","link":"https:\/\/www.corumbaonline.com.br\/news\/prefeito-sanciona-lei-que-institui-o-conselho-municipal-antidrogas\/","title":{"rendered":"Prefeito sanciona Lei que institui o Conselho Municipal Antidrogas"},"content":{"rendered":"<p><span style=\"color: #000000;\">A Lei que disp\u00f5e sobre o Conselho Municipal Antidrogas de Corumb\u00e1 (COMAD) foi sancionada no \u00faltimo dia 16 pelo prefeito Marcelo Iunes, e se torna importante ferramenta para o desenvolvimento das a\u00e7\u00f5es voltadas \u00e0 preven\u00e7\u00e3o e repress\u00e3o ao uso de drogas, assim como dos movimentos comunit\u00e1rios organizados e representa\u00e7\u00f5es das institui\u00e7\u00f5es federais e estaduais existentes no munic\u00edpio, dispostas a cooperar com esfor\u00e7o municipal.<\/span><\/p>\n<p><span style=\"color: #000000;\">A Lei \u00e9 de autoria do vereador Andr\u00e9 da Farm\u00e1cia e assegura ao COMAD, total integra\u00e7\u00e3o \u00e0s a\u00e7\u00f5es conjuntas e articuladas de todos os \u00f3rg\u00e3os de n\u00edvel federal, estadual e municipal que comp\u00f5e o Sistema Nacional Antidrogas (SISNAD), previsto na Lei Federal n\u00ba 11.343, de 23 de agosto de 2006, e na fixa\u00e7\u00e3o de pol\u00edticas de preven\u00e7\u00e3o e combate \u00e0s drogas, por meio da institui\u00e7\u00e3o e desenvolvimento do Programa Municipal sobre Drogas (PROMAD).<\/span><\/p>\n<p><span style=\"color: #000000;\">O PROMAD tem por objetivo diagnosticar a conjuntura do perfil epidemiol\u00f3gico das drogas em Corumb\u00e1 para equacionar as estrat\u00e9gias de enfrentamento do problema, definindo a log\u00edstica necess\u00e1ria para o desenvolvimento das a\u00e7\u00f5es no campo da difus\u00e3o socioeducativa, da sa\u00fade, da seguran\u00e7a comunit\u00e1ria e psicossocial da fam\u00edlia, visando o controle do uso indevido de subst\u00e2ncias psicoativas, o tratamento, a recupera\u00e7\u00e3o e reinser\u00e7\u00e3o social dos dependentes e usu\u00e1rios.<\/span><\/p>\n<p><span style=\"color: #000000;\">O vereador Andr\u00e9 da Farm\u00e1cia destacou que a cidade deixou de realizar uma s\u00e9rie de a\u00e7\u00f5es voltadas ao combate e preven\u00e7\u00e3o \u00e0s drogas, inclusive no que se refere a aplica\u00e7\u00f5es de recursos financeiros e at\u00e9 mesmo de capta\u00e7\u00e3o de verbas junto ao Governo Federal, para desenvolvimento de programas e projetos, como tamb\u00e9m de apoio as institui\u00e7\u00f5es que trabalham com este setor na regi\u00e3o.<\/span><\/p>\n<p><span style=\"color: #000000;\">\u201cA decis\u00e3o do prefeito foi de extrema import\u00e2ncia para a cidade\u201d, destacou. \u201cTivemos preju\u00edzos durante o per\u00edodo em que estava desativado, principalmente em rela\u00e7\u00e3o ao desenvolvimento de uma pol\u00edtica na cidade, como a\u00e7\u00f5es de repress\u00e3o ao uso indevido, ao tr\u00e1fico il\u00edcito e \u00e0 produ\u00e7\u00e3o n\u00e3o autorizada de subst\u00e2ncias entorpecentes e drogas que causam depend\u00eancia f\u00edsica ou ps\u00edquica, bem como de preven\u00e7\u00e3o ao uso indevido desses mesmos produtos, e programas e projetos relacionados ao tratamento, recupera\u00e7\u00e3o, reinser\u00e7\u00e3o social de dependentes e acompanhamento de familiares\u201d, completou o vereador.<\/span><\/p>\n","protected":false},"excerpt":{"rendered":"<p>A Lei que disp\u00f5e sobre o Conselho Municipal Antidrogas de Corumb\u00e1 (COMAD) foi sancionada no&#8230;<\/p>\n","protected":false},"author":1,"featured_media":0,"comment_status":"closed","ping_status":"closed","sticky":false,"template":"","format":"standard","meta":{"footnotes":""},"categories":[19],"tags":[],"class_list":["post-23930","post","type-post","status-publish","format-standard","hentry","category-politica"],"_links":{"self":[{"href":"https:\/\/www.corumbaonline.com.br\/news\/wp-json\/wp\/v2\/posts\/23930","targetHints":{"allow":["GET"]}}],"collection":[{"href":"https:\/\/www.corumbaonline.com.br\/news\/wp-json\/wp\/v2\/posts"}],"about":[{"href":"https:\/\/www.corumbaonline.com.br\/news\/wp-json\/wp\/v2\/types\/post"}],"author":[{"embeddable":true,"href":"https:\/\/www.corumbaonline.com.br\/news\/wp-json\/wp\/v2\/users\/1"}],"replies":[{"embeddable":true,"href":"https:\/\/www.corumbaonline.com.br\/news\/wp-json\/wp\/v2\/comments?post=23930"}],"version-history":[{"count":1,"href":"https:\/\/www.corumbaonline.com.br\/news\/wp-json\/wp\/v2\/posts\/23930\/revisions"}],"predecessor-version":[{"id":23931,"href":"https:\/\/www.corumbaonline.com.br\/news\/wp-json\/wp\/v2\/posts\/23930\/revisions\/23931"}],"wp:attachment":[{"href":"https:\/\/www.corumbaonline.com.br\/news\/wp-json\/wp\/v2\/media?parent=23930"}],"wp:term":[{"taxonomy":"category","embeddable":true,"href":"https:\/\/www.corumbaonline.com.br\/news\/wp-json\/wp\/v2\/categories?post=23930"},{"taxonomy":"post_tag","embeddable":true,"href":"https:\/\/www.corumbaonline.com.br\/news\/wp-json\/wp\/v2\/tags?post=23930"}],"curies":[{"name":"wp","href":"https:\/\/api.w.org\/{rel}","templated":true}]}}