{"id":23932,"date":"2018-10-22T14:30:34","date_gmt":"2018-10-22T17:30:34","guid":{"rendered":"http:\/\/www.corumbaonline.com.br\/news\/?p=23932"},"modified":"2018-10-22T19:57:17","modified_gmt":"2018-10-22T22:57:17","slug":"municipio-antecipa-recursos-e-libera-1-repasse-para-escolas-de-samba","status":"publish","type":"post","link":"https:\/\/www.corumbaonline.com.br\/news\/municipio-antecipa-recursos-e-libera-1-repasse-para-escolas-de-samba\/","title":{"rendered":"Munic\u00edpio antecipa recursos e libera 1\u00b0 repasse para escolas de samba"},"content":{"rendered":"<p>A Prefeitura de Corumb\u00e1 fez na manh\u00e3 de hoje, 22 de outubro, o primeiro repasse de recursos financeiros para a Liga Independente das Escolas de Samba de Corumb\u00e1 (LIESCO). Ao todo ser\u00e3o repassados R$ 660 mil para as agremia\u00e7\u00f5es filiadas \u00e0 Liga. O montante \u00e9 para custeio da prepara\u00e7\u00e3o dos desfiles de rua das escolas de samba no ano que vem. Em 2019, o carnaval ser\u00e1 de 1\u00b0 a 06 de mar\u00e7o.<\/p>\n<p>&nbsp;<\/p>\n<p>A primeira parcela liberou R$ 250 mil para as escolas de samba. Segundo a LIESCO, a viagem dos carnavalescos para compras em S\u00e3o Paulo est\u00e1 prevista para a tarde do domingo, dia 28. Toda a verba repassada para as agremia\u00e7\u00f5es carnavalescas respeita o que determina a Lei Federal 13.019\/2014.<\/p>\n<p>&nbsp;<\/p>\n<p>O prefeito Marcelo Iunes assinou o Termo de Colabora\u00e7\u00e3o que prev\u00ea tr\u00eas repasses financeiros. De acordo com chefe do Executivo corumbaense, os outros dois repasses est\u00e3o previstos para a segunda quinzena de dezembro [mais R$ 200 mil] e in\u00edcio de fevereiro do ano que vem [os R$ 210 mil restantes]. O presidente da Liga, Zezinho Martinez, tamb\u00e9m assinou o documento.<\/p>\n<p>&nbsp;<\/p>\n<p>Presidente da Funda\u00e7\u00e3o da Cultura e do Patrim\u00f4nio Hist\u00f3rico de Corumb\u00e1, Joilson Cruz, destacou a a\u00e7\u00e3o da Prefeitura em antecipar para outubro o primeiro repasse de verbas. \u201cNo momento de crise econ\u00f4mica pelo qual passa o pa\u00eds, a Prefeitura se empenhou para antecipar ao m\u00e1ximo os repasses para as agremia\u00e7\u00f5es\u201d, disse o titular da Funda\u00e7\u00e3o de Cultura.<\/p>\n<p>&nbsp;<\/p>\n<p>\u201cParcelado desta forma, com tempo h\u00e1bil, fica at\u00e9 mais f\u00e1cil para a presta\u00e7\u00e3o de contas por parte das entidades\u201d, observou Joilson. O dinheiro ser\u00e1 liberado na conta da LIESCO no dia seguinte \u00e0 publica\u00e7\u00e3o do Termo de Colabora\u00e7\u00e3o\u00a0 no Di\u00e1rio Oficial do Munic\u00edpio de Corumb\u00e1. O Termo deve ser publicado ainda nesta segunda-feira.<\/p>\n<p>&nbsp;<\/p>\n<p>Dirigente da LIESCO, Zezinho Martinez, ressaltou o ineditismo da antecipa\u00e7\u00e3o do repasse e afirmou que a libera\u00e7\u00e3o em outubro permitir\u00e1 a compra de materiais de qualidade por pre\u00e7os mais baratos, refletindo num desfile ainda mais bonito na passarela do samba.<\/p>\n<p>&nbsp;<\/p>\n<p>\u201c\u00c9 um fato in\u00e9dito para o carnaval de Corumb\u00e1 os recursos chegarem com tanta anteced\u00eancia, foi uma solicita\u00e7\u00e3o nossa que foi prontamente atendida pelo prefeito Marcelo Iunes. \u00c9 um grande passo para o carnaval de Corumb\u00e1. O prefeito tem investido no carnaval de Corumb\u00e1, que \u00e9 a maior manifesta\u00e7\u00e3o cultural do nosso Estado, \u00e9 a maior festa popular do Mato Grosso do Sul. Temos a certeza que faremos um grande carnaval\u201d, declarou o presidente da Liga Independente das Escolas de Samba.<\/p>\n<p>&nbsp;<\/p>\n<p><strong>Reflexos positivos<\/strong><\/p>\n<p>Ao liberar os primeiros recursos para as escolas de samba, Marcelo Iunes, refor\u00e7ou o empenho do Executivo Municipal para a libera\u00e7\u00e3o dos recursos mesmo diante de um cen\u00e1rio financeiro nacional em crise. \u201c\u00c9 um compromisso que fizemos, desde a realiza\u00e7\u00e3o do carnaval deste ano, em adiantar os recursos. Planej\u00e1vamos para setembro, mas, por conta de situa\u00e7\u00f5es legais, estamos liberando agora em outubro. Mesmo com esse cen\u00e1rio de crise no pa\u00eds estamos cumprindo com os nossos compromissos\u201d, afirmou o prefeito.<\/p>\n<p>&nbsp;<\/p>\n<p>Iunes disse ainda que acredita que a antecipa\u00e7\u00e3o para a LIESCO permitir\u00e1 a realiza\u00e7\u00e3o de um grande evento por parte das escolas de samba. \u201cTenho a certeza que todos est\u00e3o imbu\u00eddos em fazer um grande carnaval para Corumb\u00e1. O sucesso do carnaval reflete positivamente na cidade. A libera\u00e7\u00e3o dos recursos agora em outubro permite compras num per\u00edodo em que os pre\u00e7os ainda n\u00e3o est\u00e3o em alta\u201d, completou o chefe do Executivo corumbaense. Para o carnaval 2018, a Prefeitura liberou total de total de R$ 600 mil para a Liga das Escolas de Samba.<\/p>\n<p>&nbsp;<\/p>\n<p>Acompanharam a assinatura do Termo de Colabora\u00e7\u00e3o os seguintes presidentes das escolas de samba: Joana Barom\u00e9ia \u201cBaroa\u201d (Caprichosos de Corumb\u00e1); Vikt\u00f3ria Medina (Imperatriz Corumbaense); Paulo C\u00e9sar Barros (Imp\u00e9rio do Morro); Valbe Pierre Messias (Esta\u00e7\u00e3o Primeira do Pantanal); Nando Costa (Acad\u00eamicos do Pantanal); Odete Brinckler (Marqu\u00eas de Sapuca\u00ed) e Fernanda Vanucci (Mocidade Independente da Nova Corumb\u00e1).<\/p>\n<p><strong>Termo de Colabora\u00e7\u00e3o<\/strong><\/p>\n<p>&nbsp;<\/p>\n<p>O Termo de Colabora\u00e7\u00e3o \u00e9 o instrumento por meio do qual s\u00e3o formalizadas as parcerias estabelecidas pela administra\u00e7\u00e3o p\u00fablica com organiza\u00e7\u00f5es da sociedade civil para a consecu\u00e7\u00e3o de finalidades de interesse p\u00fablico e rec\u00edproco propostas pela administra\u00e7\u00e3o p\u00fablica que envolvam a transfer\u00eancia de recursos financeiros.<\/p>\n<p>&nbsp;<\/p>\n<p>A lei 13.019\/2014 estabelece o regime jur\u00eddico das parcerias entre a Administra\u00e7\u00e3o P\u00fablica e as organiza\u00e7\u00f5es da sociedade civil, em regime de m\u00fatua coopera\u00e7\u00e3o, para execu\u00e7\u00e3o de finalidades de interesse p\u00fablico e rec\u00edproco. Tamb\u00e9m define diretrizes para a pol\u00edtica de fomento, de colabora\u00e7\u00e3o e de coopera\u00e7\u00e3o com organiza\u00e7\u00f5es da sociedade civil.<\/p>\n","protected":false},"excerpt":{"rendered":"<p>A Prefeitura de Corumb\u00e1 fez na manh\u00e3 de hoje, 22 de outubro, o primeiro repasse&#8230;<\/p>\n","protected":false},"author":1,"featured_media":23933,"comment_status":"closed","ping_status":"closed","sticky":false,"template":"","format":"standard","meta":{"footnotes":""},"categories":[7,8],"tags":[],"class_list":["post-23932","post","type-post","status-publish","format-standard","has-post-thumbnail","hentry","category-cultura","category-destaque"],"_links":{"self":[{"href":"https:\/\/www.corumbaonline.com.br\/news\/wp-json\/wp\/v2\/posts\/23932","targetHints":{"allow":["GET"]}}],"collection":[{"href":"https:\/\/www.corumbaonline.com.br\/news\/wp-json\/wp\/v2\/posts"}],"about":[{"href":"https:\/\/www.corumbaonline.com.br\/news\/wp-json\/wp\/v2\/types\/post"}],"author":[{"embeddable":true,"href":"https:\/\/www.corumbaonline.com.br\/news\/wp-json\/wp\/v2\/users\/1"}],"replies":[{"embeddable":true,"href":"https:\/\/www.corumbaonline.com.br\/news\/wp-json\/wp\/v2\/comments?post=23932"}],"version-history":[{"count":1,"href":"https:\/\/www.corumbaonline.com.br\/news\/wp-json\/wp\/v2\/posts\/23932\/revisions"}],"predecessor-version":[{"id":23934,"href":"https:\/\/www.corumbaonline.com.br\/news\/wp-json\/wp\/v2\/posts\/23932\/revisions\/23934"}],"wp:featuredmedia":[{"embeddable":true,"href":"https:\/\/www.corumbaonline.com.br\/news\/wp-json\/wp\/v2\/media\/23933"}],"wp:attachment":[{"href":"https:\/\/www.corumbaonline.com.br\/news\/wp-json\/wp\/v2\/media?parent=23932"}],"wp:term":[{"taxonomy":"category","embeddable":true,"href":"https:\/\/www.corumbaonline.com.br\/news\/wp-json\/wp\/v2\/categories?post=23932"},{"taxonomy":"post_tag","embeddable":true,"href":"https:\/\/www.corumbaonline.com.br\/news\/wp-json\/wp\/v2\/tags?post=23932"}],"curies":[{"name":"wp","href":"https:\/\/api.w.org\/{rel}","templated":true}]}}