{"id":23935,"date":"2018-10-22T14:47:46","date_gmt":"2018-10-22T17:47:46","guid":{"rendered":"http:\/\/www.corumbaonline.com.br\/news\/?p=23935"},"modified":"2018-10-22T19:59:23","modified_gmt":"2018-10-22T22:59:23","slug":"atacar-poder-judiciario-e-atacar-a-democracia-diz-presidente-do-stf","status":"publish","type":"post","link":"https:\/\/www.corumbaonline.com.br\/news\/atacar-poder-judiciario-e-atacar-a-democracia-diz-presidente-do-stf\/","title":{"rendered":"\u201cAtacar Poder Judici\u00e1rio \u00e9 atacar a democracia\u201d, diz presidente do STF"},"content":{"rendered":"<p>O presidente do Supremo Tribunal Federal (STF), ministro Dias Toffoli, divulgou hoje (22) uma nota oficial em que afirma ser fundamental para a democracia garantir a independ\u00eancia da Corte.<\/p>\n<p>\u201cO Supremo Tribunal Federal \u00e9 uma institui\u00e7\u00e3o centen\u00e1ria e essencial ao Estado Democr\u00e1tico de Direito. N\u00e3o h\u00e1 democracia sem um Poder Judici\u00e1rio independente e aut\u00f4nomo. O Pa\u00eds conta com institui\u00e7\u00f5es s\u00f3lidas e todas as autoridades devem respeitar a Constitui\u00e7\u00e3o. Atacar o Poder Judici\u00e1rio \u00e9 atacar a democracia\u201d, diz a nota.<\/p>\n<p>O texto foi divulgado pelo STF ap\u00f3s a repercuss\u00e3o de uma\u00a0<a href=\"http:\/\/agenciabrasil.ebc.com.br\/politica\/noticia\/2018-10\/eduardo-bolsonaro-diz-que-basta-um-soldado-e-um-cabo-para-fechar-stf\" target=\"_blank\" rel=\"noopener noreferrer\">fala do deputado federal Eduardo Bolsonaro<\/a>\u00a0(PSL-RJ), filho do presidenci\u00e1vel Jair Bolsonaro (PSL), em que o parlamentar diz que para fechar o Supremo \u201cn\u00e3o manda nem um jipe, manda um soldado, um cabo\u201d.<\/p>\n<p>Toffoli, que estava na It\u00e1lia em viagem a trabalho quando a fala de Bolsonaro repercutiu no Brasil, se manifestou ap\u00f3s outros ministros tamb\u00e9m falarem sobre o caso. Ao jornal Folha de S. Paulo, o ministro Lu\u00eds Roberto Barroso havia dito que o STF deveria se manifestar a \u201cuma s\u00f3 voz\u201d.<\/p>\n<p>Tamb\u00e9m nesta\u00a0<span id=\"OBJ_PREFIX_DWT1589_com_zimbra_date\"><span id=\"OBJ_PREFIX_DWT1596_com_zimbra_date\">segunda<\/span><\/span>, o ministro Celso de Mello, o mais antigo do Supremo, classificou de golpista a fala do deputado. \u201cEssa declara\u00e7\u00e3o, al\u00e9m de inconsequente e golpista, mostra bem o tipo (irrespons\u00e1vel) de parlamentar cuja atua\u00e7\u00e3o no Congresso Nacional, mantida essa inaceit\u00e1vel vis\u00e3o autorit\u00e1ria, s\u00f3 comprometer\u00e1 a integridade da ordem democr\u00e1tica e o respeito indeclin\u00e1vel que se deve\u00a0<span id=\"OBJ_PREFIX_DWT1590_com_zimbra_date\"><span id=\"OBJ_PREFIX_DWT1597_com_zimbra_date\">ter<\/span><\/span>\u00a0pela supremacia da Constitui\u00e7\u00e3o da Rep\u00fablica!!!!\u201d, disse o decano em nota tamb\u00e9m publicada pela Folha de S. Paulo.<\/p>\n<p>O ministro Alexandre de Moraes, durante evento sobre os 30 anos da Constitui\u00e7\u00e3o no Minist\u00e9rio P\u00fablico de S\u00e3o Paulo (MP-SP), nesta\u00a0<span id=\"OBJ_PREFIX_DWT3466_com_zimbra_date\"><span id=\"OBJ_PREFIX_DWT3482_com_zimbra_date\">segunda<\/span><\/span>, afirmou que a Procuradoria-Geral da Rep\u00fablica (PGR) deveria abrir um procedimento para investigar a fala do deputado, pois a depender do contexto, poderia configurar crime de incita\u00e7\u00e3o \u00e0s For\u00e7as Armadas, conforme a Lei de Seguran\u00e7a Nacional.\u00a0Sem citar diretamente Eduardo Bolsonaro, Moraes disse ser inacredit\u00e1vel que em pleno\u00a0s\u00e9culo 21 \u201ctenhamos que ouvir tanta asneira dita da boca de quem representa o povo\u201d.<\/p>\n<p><span id=\"OBJ_PREFIX_DWT1591_com_zimbra_date\"><span id=\"OBJ_PREFIX_DWT1598_com_zimbra_date\">Ontem<\/span><\/span>\u00a0(21), a ministra do STF Rosa Weber, presidente ainda do Tribunal Superior Eleitoral (TSE), tamb\u00e9m<a href=\"http:\/\/agenciabrasil.ebc.com.br\/politica\/noticia\/2018-10\/rosa-weber-rebate-eduardo-bolsonaro-e-diz-que-instituicoes-sao-solidas\" target=\"_blank\" rel=\"noopener noreferrer\">\u00a0rebateu as declara\u00e7\u00f5es de Eduardo Bolsonaro<\/a>. \u201cNo Brasil, as institui\u00e7\u00f5es est\u00e3o funcionando normalmente e juiz algum que honra a toga se deixa abalar por qualquer manifesta\u00e7\u00e3o que eventualmente possa ser compreendida como inadequada\u201d, disse ela.<\/p>\n<h2>V\u00eddeo<\/h2>\n<p>O v\u00eddeo em que Eduardo Bolsonaro, deputado federal reeleito por S\u00e3o Paulo com a maior vota\u00e7\u00e3o da hist\u00f3ria (1,8 milh\u00e3o de votos),\u00a0diz que basta um soldado e um cabo para fechar o STF viralizou durante o fim de semana nas redes sociais.\u00a0A afirma\u00e7\u00e3o foi feita em julho durante a aula de um cursinho preparat\u00f3rio para a Pol\u00edcia Federal (PF), em Cascavel (PR).<\/p>\n<p>Em resposta a um questionamento sobre uma poss\u00edvel a\u00e7\u00e3o do\u00a0Ex\u00e9rcito caso seu pai fosse impedido de assumir a Presid\u00eancia por alguma decis\u00e3o do Supremo, Eduardo Bolsonaro respondeu: \u201cSe quiser fechar o STF, sabe o que voc\u00ea faz? N\u00e3o manda nem um jipe. Manda um soldado e um cabo. N\u00e3o \u00e9 querer desmerecer o soldado e o cabo\u201d.<\/p>\n<p>\u201cO que \u00e9 o STF? Tira a poder da caneta da m\u00e3o de um ministro do STF, o que ele \u00e9 na rua. Se voc\u00ea prender um ministro do STF, voc\u00ea acha que vai\u00a0<span id=\"OBJ_PREFIX_DWT1592_com_zimbra_date\"><span id=\"OBJ_PREFIX_DWT1599_com_zimbra_date\">ter<\/span><\/span>\u00a0manifesta\u00e7\u00e3o popular a favor dos ministros do STF? Milh\u00f5es na rua?\u201d, acrescentou o deputado federal.<\/p>\n<p>O presidenci\u00e1vel Jair Bolsonaro desclassificou a fala do filho, afirmando que se ele falou em fechar STF, \u201cprecisa consultar um psiquiatra&#8221;. O candidato do PSL<a href=\"http:\/\/agenciabrasil.ebc.com.br\/politica\/noticia\/2018-10\/bolsonaro-diz-que-nao-existe-ameaca-de-fechar-supremo\" target=\"_blank\" rel=\"noopener noreferrer\">\u00a0negou qualquer inten\u00e7\u00e3o em intervir no Supremo<\/a>.<\/p>\n","protected":false},"excerpt":{"rendered":"<p>O presidente do Supremo Tribunal Federal (STF), ministro Dias Toffoli, divulgou hoje (22) uma nota&#8230;<\/p>\n","protected":false},"author":1,"featured_media":0,"comment_status":"closed","ping_status":"closed","sticky":false,"template":"","format":"standard","meta":{"footnotes":""},"categories":[101,19],"tags":[],"class_list":["post-23935","post","type-post","status-publish","format-standard","hentry","category-eleicoes","category-politica"],"_links":{"self":[{"href":"https:\/\/www.corumbaonline.com.br\/news\/wp-json\/wp\/v2\/posts\/23935","targetHints":{"allow":["GET"]}}],"collection":[{"href":"https:\/\/www.corumbaonline.com.br\/news\/wp-json\/wp\/v2\/posts"}],"about":[{"href":"https:\/\/www.corumbaonline.com.br\/news\/wp-json\/wp\/v2\/types\/post"}],"author":[{"embeddable":true,"href":"https:\/\/www.corumbaonline.com.br\/news\/wp-json\/wp\/v2\/users\/1"}],"replies":[{"embeddable":true,"href":"https:\/\/www.corumbaonline.com.br\/news\/wp-json\/wp\/v2\/comments?post=23935"}],"version-history":[{"count":1,"href":"https:\/\/www.corumbaonline.com.br\/news\/wp-json\/wp\/v2\/posts\/23935\/revisions"}],"predecessor-version":[{"id":23936,"href":"https:\/\/www.corumbaonline.com.br\/news\/wp-json\/wp\/v2\/posts\/23935\/revisions\/23936"}],"wp:attachment":[{"href":"https:\/\/www.corumbaonline.com.br\/news\/wp-json\/wp\/v2\/media?parent=23935"}],"wp:term":[{"taxonomy":"category","embeddable":true,"href":"https:\/\/www.corumbaonline.com.br\/news\/wp-json\/wp\/v2\/categories?post=23935"},{"taxonomy":"post_tag","embeddable":true,"href":"https:\/\/www.corumbaonline.com.br\/news\/wp-json\/wp\/v2\/tags?post=23935"}],"curies":[{"name":"wp","href":"https:\/\/api.w.org\/{rel}","templated":true}]}}