{"id":23937,"date":"2018-10-22T15:03:39","date_gmt":"2018-10-22T18:03:39","guid":{"rendered":"http:\/\/www.corumbaonline.com.br\/news\/?p=23937"},"modified":"2018-10-22T20:00:19","modified_gmt":"2018-10-22T23:00:19","slug":"declaracao-de-eduardo-bolsonaro-foi-arroubo-diz-ministro-da-justica","status":"publish","type":"post","link":"https:\/\/www.corumbaonline.com.br\/news\/declaracao-de-eduardo-bolsonaro-foi-arroubo-diz-ministro-da-justica\/","title":{"rendered":"Declara\u00e7\u00e3o de Eduardo Bolsonaro foi arroubo, diz ministro da Justi\u00e7a"},"content":{"rendered":"<p>O ministro da Justi\u00e7a, Torquato Jardim, comentou nesta segunda-feira (22) declara\u00e7\u00e3o feita pelo deputado federal Eduardo Bolsonaro (PSL-SP), gravada meses atr\u00e1s e s\u00f3 agora divulgada nas redes sociais, de que bastaria um cabo e um soldado para fechar o Supremo Tribunal Federal (STF). Para o ministro, a frase foi um arroubo, uma empolga\u00e7\u00e3o, de campanha.<\/p>\n<p>Torquato disse n\u00e3o considerar que o epis\u00f3dio tenha sido prejudicial \u00e0 democracia brasileira.<\/p>\n<p>\u201cEu n\u00e3o assisti ao v\u00eddeo. S\u00f3 conhe\u00e7o o texto. \u00c9 uma manifesta\u00e7\u00e3o lament\u00e1vel, que s\u00f3 posso crer que tenha sido um arroubo de campanha, que n\u00e3o tenha nenhuma outra consequ\u00eancia. De qualquer sorte, sendo deputado federal, com a elei\u00e7\u00e3o que teve, \u00e9 de se esperar que agora, j\u00e1 eleito, ele tenha um discurso mais cuidadoso\u201d, afirmou o ministro.<\/p>\n<p>Torquato disse ainda, respondendo\u00a0\u00e0 pergunta de um rep\u00f3rter, que a declara\u00e7\u00e3o n\u00e3o \u00e9 prejudicial \u00e0 democracia do pa\u00eds. \u201cN\u00e3o chega a tanto\u201d, considerou o ministro, que participou, no Rio, da abertura do 4\u00ba F\u00f3rum de Sa\u00fade Suplementar.<\/p>\n","protected":false},"excerpt":{"rendered":"<p>O ministro da Justi\u00e7a, Torquato Jardim, comentou nesta segunda-feira (22) declara\u00e7\u00e3o feita pelo deputado federal&#8230;<\/p>\n","protected":false},"author":1,"featured_media":0,"comment_status":"closed","ping_status":"closed","sticky":false,"template":"","format":"standard","meta":{"footnotes":""},"categories":[101,19],"tags":[],"class_list":["post-23937","post","type-post","status-publish","format-standard","hentry","category-eleicoes","category-politica"],"_links":{"self":[{"href":"https:\/\/www.corumbaonline.com.br\/news\/wp-json\/wp\/v2\/posts\/23937","targetHints":{"allow":["GET"]}}],"collection":[{"href":"https:\/\/www.corumbaonline.com.br\/news\/wp-json\/wp\/v2\/posts"}],"about":[{"href":"https:\/\/www.corumbaonline.com.br\/news\/wp-json\/wp\/v2\/types\/post"}],"author":[{"embeddable":true,"href":"https:\/\/www.corumbaonline.com.br\/news\/wp-json\/wp\/v2\/users\/1"}],"replies":[{"embeddable":true,"href":"https:\/\/www.corumbaonline.com.br\/news\/wp-json\/wp\/v2\/comments?post=23937"}],"version-history":[{"count":1,"href":"https:\/\/www.corumbaonline.com.br\/news\/wp-json\/wp\/v2\/posts\/23937\/revisions"}],"predecessor-version":[{"id":23938,"href":"https:\/\/www.corumbaonline.com.br\/news\/wp-json\/wp\/v2\/posts\/23937\/revisions\/23938"}],"wp:attachment":[{"href":"https:\/\/www.corumbaonline.com.br\/news\/wp-json\/wp\/v2\/media?parent=23937"}],"wp:term":[{"taxonomy":"category","embeddable":true,"href":"https:\/\/www.corumbaonline.com.br\/news\/wp-json\/wp\/v2\/categories?post=23937"},{"taxonomy":"post_tag","embeddable":true,"href":"https:\/\/www.corumbaonline.com.br\/news\/wp-json\/wp\/v2\/tags?post=23937"}],"curies":[{"name":"wp","href":"https:\/\/api.w.org\/{rel}","templated":true}]}}