{"id":23945,"date":"2018-10-22T17:20:48","date_gmt":"2018-10-22T20:20:48","guid":{"rendered":"http:\/\/www.corumbaonline.com.br\/news\/?p=23945"},"modified":"2018-10-22T20:08:34","modified_gmt":"2018-10-22T23:08:34","slug":"terceira-cirurgia-de-bolsonaro-devera-restabelecer-transito-intestinal","status":"publish","type":"post","link":"https:\/\/www.corumbaonline.com.br\/news\/terceira-cirurgia-de-bolsonaro-devera-restabelecer-transito-intestinal\/","title":{"rendered":"Terceira cirurgia de Bolsonaro dever\u00e1 restabelecer tr\u00e2nsito intestinal"},"content":{"rendered":"<p>Um m\u00eas e meio ap\u00f3s o ataque que sofreu, o candidato do PSL \u00e0 Presid\u00eancia da Rep\u00fablica, Jair Bolsonaro, prepara-se para, em dezembro, ser submetido \u00e0 terceira cirurgia, desde que levou uma facada, no \u00edn\u00edcio de setembro, durante ato de campanha em Juiz de Fora, Minas Gerais. Ser\u00e1 uma opera\u00e7\u00e3o para restabelecer o tr\u00e2nsito intestinal, abrindo a incis\u00e3o, na qual ele levou 35 pontos, e retirando a colostomia \u2013 uma esp\u00e9cie de bolsa que funciona como intestino externo.<\/p>\n<div class=\"dnd-widget-wrapper context-cheio_8colunas type-image\">\n<div class=\"dnd-atom-rendered\">\n<figure class=\"mejs-fotoh-wrapper\">\n<p><figure style=\"width: 754px\" class=\"wp-caption alignnone\"><img loading=\"lazy\" decoding=\"async\" class=\"img-responsive full full\" title=\"Fernando Fraz\u00e3o\/Ag\u00eancia Brasil\/Ag\u00eancia Brasil\" src=\"http:\/\/imagens.ebc.com.br\/3FqOu9KjPTOfmB3A0VryeIKHJbk=\/754x0\/smart\/http:\/\/agenciabrasil.ebc.com.br\/sites\/default\/files\/thumbnails\/image\/ffraz_abr_091018_191209.jpg?itok=IW3qwuuh\" alt=\"O candidato do PSL \u00e0 Presid\u00eancia da Rep\u00fablica, Jair Bolsonaro, fala \u00e0 imprensa ap\u00f3s grava\u00e7\u00e3o de campanha, no bairro Jardim Bot\u00e2nico, Rio de Janeiro.\" width=\"754\" height=\"502\" \/><figcaption class=\"wp-caption-text\">Jair Bolsonaro foi esfaqueado em setembro em Juiz de Fora (MG) &#8211; Fernando Fraz\u00e3o\/Arquivo\/Ag\u00eancia Brasil<\/figcaption><\/figure><\/figure>\n<\/div>\n<\/div>\n<p>Os detalhes da terceira cirurgia foram revelados em reportagem especial levada ao ar pela TV Record. A equipe da emissora acompanhou o exame m\u00e9dico, na semana passada, e conversou com especialistas. Segundo\u00a0 os jornalistas , a recupera\u00e7\u00e3o ap\u00f3s a opera\u00e7\u00e3o \u00e9 de uma semana a 10 dias.<\/p>\n<p>Bolsonaro foi esfaqueado pelo mineiro Ad\u00e9lio Bispo Oliveira, que est\u00e1 preso em Campo Grande.<\/p>\n<p>Na reportagem da Record, o candidato aparece sorrindo. \u201cT\u00f4 me sentindo muito bem em casa e bem tratado\u201d, afirmou o candidato, que fez duas cirurgias: a primeira, a laparoscopia, para estancar a hemorragia e a segunda, para a colostomia.<\/p>\n<p>Nas redes sociais, ele comemorou hoje (22) \u00e0 tarde o n\u00famero de mais de 2 milh\u00f5es de seguidores no Youtube.<\/p>\n","protected":false},"excerpt":{"rendered":"<p>Um m\u00eas e meio ap\u00f3s o ataque que sofreu, o candidato do PSL \u00e0 Presid\u00eancia&#8230;<\/p>\n","protected":false},"author":1,"featured_media":0,"comment_status":"closed","ping_status":"closed","sticky":false,"template":"","format":"standard","meta":{"footnotes":""},"categories":[11,19],"tags":[],"class_list":["post-23945","post","type-post","status-publish","format-standard","hentry","category-esporte","category-politica"],"_links":{"self":[{"href":"https:\/\/www.corumbaonline.com.br\/news\/wp-json\/wp\/v2\/posts\/23945","targetHints":{"allow":["GET"]}}],"collection":[{"href":"https:\/\/www.corumbaonline.com.br\/news\/wp-json\/wp\/v2\/posts"}],"about":[{"href":"https:\/\/www.corumbaonline.com.br\/news\/wp-json\/wp\/v2\/types\/post"}],"author":[{"embeddable":true,"href":"https:\/\/www.corumbaonline.com.br\/news\/wp-json\/wp\/v2\/users\/1"}],"replies":[{"embeddable":true,"href":"https:\/\/www.corumbaonline.com.br\/news\/wp-json\/wp\/v2\/comments?post=23945"}],"version-history":[{"count":1,"href":"https:\/\/www.corumbaonline.com.br\/news\/wp-json\/wp\/v2\/posts\/23945\/revisions"}],"predecessor-version":[{"id":23946,"href":"https:\/\/www.corumbaonline.com.br\/news\/wp-json\/wp\/v2\/posts\/23945\/revisions\/23946"}],"wp:attachment":[{"href":"https:\/\/www.corumbaonline.com.br\/news\/wp-json\/wp\/v2\/media?parent=23945"}],"wp:term":[{"taxonomy":"category","embeddable":true,"href":"https:\/\/www.corumbaonline.com.br\/news\/wp-json\/wp\/v2\/categories?post=23945"},{"taxonomy":"post_tag","embeddable":true,"href":"https:\/\/www.corumbaonline.com.br\/news\/wp-json\/wp\/v2\/tags?post=23945"}],"curies":[{"name":"wp","href":"https:\/\/api.w.org\/{rel}","templated":true}]}}