{"id":23956,"date":"2018-10-23T08:58:41","date_gmt":"2018-10-23T11:58:41","guid":{"rendered":"http:\/\/www.corumbaonline.com.br\/news\/?p=23956"},"modified":"2018-10-23T10:28:16","modified_gmt":"2018-10-23T13:28:16","slug":"marina-silva-declara-apoio-critico-a-haddad","status":"publish","type":"post","link":"https:\/\/www.corumbaonline.com.br\/news\/marina-silva-declara-apoio-critico-a-haddad\/","title":{"rendered":"Marina Silva declara apoio cr\u00edtico a Haddad"},"content":{"rendered":"<p>Candidata da Rede \u00e0 Presid\u00eancia da Rep\u00fablica no primeiro turno, a ex-ministra Marina Silva informou nesta segunda-feira (22) que dar\u00e1 &#8220;voto cr\u00edtico&#8221; ao candidato do PT, Fernando Haddad. Ap\u00f3s o primeiro turno, a Rede Sustentabilidade j\u00e1 havia recomendado aos filiados que n\u00e3o votassem em Jair Bolsonaro (PSL).<\/p>\n<p>Ao embasar seu apoio, Marina afirmou que votar\u00e1 em Haddad porque este &#8220;n\u00e3o prega a extin\u00e7\u00e3o dos direitos&#8221;, nem a repress\u00e3o aos movimentos. \u201cA pol\u00edtica democr\u00e1tica deve estar fortemente alian\u00e7ada no respeito \u00e0 Constitui\u00e7\u00e3o e \u00e0s institui\u00e7\u00f5es, exercida em um ambiente de cultura de paz e n\u00e3o viol\u00eancia\u201d, disse.<\/p>\n<p>\u201cOutro motivo importante para a defini\u00e7\u00e3o e declara\u00e7\u00e3o de meu voto \u00e9 a minha consci\u00eancia crist\u00e3, valor central em minha vida. Muitos parecem esquecer, mas Jesus foi severo em palavras e duro em atitudes com os que t\u00eam dificuldade de entender o mandamento m\u00e1ximo do amor.\u201d, completou.<\/p>\n<h2>Cr\u00edticas<\/h2>\n<p>Em texto divulgado pelas redes sociais, Marina ressaltou que a frente democr\u00e1tica e progressista defendida por Fernando Haddad n\u00e3o se mostrou capaz de inspirar uma alian\u00e7a ou mesmo uma composi\u00e7\u00e3o pol\u00edtica. A ex-ministra destacou que alian\u00e7as s\u00f3 s\u00e3o vi\u00e1veis \u201cem um ambiente de confian\u00e7a em que, diante de inaceit\u00e1veis e ineg\u00e1veis erros, a cr\u00edtica \u00e9 livre e a autocr\u00edtica \u00e9 sincera.\u201d<\/p>\n<p>\u201cMant\u00e9m o jogo do faz de conta do desespero eleitoral, segue firme no universo do\u00a0<em>marketing<\/em>, sem que o candidato inspire-se na gravidade do momento para virar a pr\u00f3pria mesa, fazer uma autocr\u00edtica corajosa e tentar ser o eixo de uma alternativa democr\u00e1tica verdadeira\u201d, argumentou.<\/p>\n<p>Por outro lado, Marina Silva criticou o projeto defendido por Jair Bolsonaro, que, segundo ela, \u201catenta contra o interesse da sociedade e o futuro do pa\u00eds\u201d, al\u00e9m de promover \u201ca incita\u00e7\u00e3o sistem\u00e1tica ao \u00f3dio, \u00e0 viol\u00eancia, \u00e0 discrimina\u00e7\u00e3o\u201d.<\/p>\n<p>\u201c[H\u00e1] risco imediato para tr\u00eas princ\u00edpios fundamentais da minha pr\u00e1tica pol\u00edtica: primeiro, promete desmontar a estrutura de prote\u00e7\u00e3o ambiental conquistada ao longo de d\u00e9cadas, por gera\u00e7\u00f5es de ambientalistas, fazendo uso de argumentos grotescos, tecnicamente insustent\u00e1veis e desinformados. Chega ao absurdo de anunciar a incorpora\u00e7\u00e3o do Minist\u00e9rio do Meio Ambiente ao Minist\u00e9rio da Agricultura\u201d, afirmou. \u201c\u00c9 melhor prevenir. Crimes de lesa-humanidade n\u00e3o t\u00eam como se possa reparar\u201d, completou.<\/p>\n<h2>Oposi\u00e7\u00e3o democr\u00e1tica<\/h2>\n<p>Apesar de criticar os dois candidatos e assegurar que se manter\u00e1 em \u201coposi\u00e7\u00e3o, independentemente de quem seja o pr\u00f3ximo presidente do Brasil\u201d, Marina disse que seu posicionamento \u00e9 \u201csimb\u00f3lico\u201d, j\u00e1 que obteve vota\u00e7\u00e3o inexpressiva no primeiro turno da elei\u00e7\u00e3o presidencial.<\/p>\n<p>\u201cCada um de n\u00f3s tem, em sua consci\u00eancia, os valores que definem seu voto. Sei que, com apenas 1% de vota\u00e7\u00e3o no primeiro turno, a import\u00e2ncia de minha manifesta\u00e7\u00e3o, numa l\u00f3gica eleitoral restrita, \u00e9 puramente simb\u00f3lica. Mas \u00e9 meu dever \u00e9tico e pol\u00edtico faz\u00ea-la\u201d, afirmou.<\/p>\n<p>\u201cDarei um voto cr\u00edtico e farei oposi\u00e7\u00e3o democr\u00e1tica a uma pessoa que, \u2018pelo menos\u2019, e ainda bem, n\u00e3o prega a extin\u00e7\u00e3o dos direitos dos \u00edndios, a discrimina\u00e7\u00e3o das minorias, a repress\u00e3o aos movimentos, o aviltamento ainda maior das mulheres, negros e pobres, o fim da base legal e das estruturas da prote\u00e7\u00e3o ambiental, que \u00e9 o professor Fernando Haddad\u201d, concluiu.<\/p>\n<h2>Haddad<\/h2>\n<p>Ap\u00f3s a divulga\u00e7\u00e3o do apoio deMarina, o presidenci\u00e1vel Fernando Haddad usou o Twitter para agradecer \u00e0 ex-advers\u00e1ria.<\/p>\n<p>\u201cO voto de Marina Silva me honra por tudo que ela representa e pelas causas que defende. Nossa conviv\u00eancia como ministros foi extremamente produtiva e at\u00e9 hoje compartilhamos amizades de brasileiros devotados \u00e0 causa p\u00fablica. Esse reencontro democr\u00e1tico me enche de orgulho\u201d, afirmou Haddad.<\/p>\n","protected":false},"excerpt":{"rendered":"<p>Candidata da Rede \u00e0 Presid\u00eancia da Rep\u00fablica no primeiro turno, a ex-ministra Marina Silva informou&#8230;<\/p>\n","protected":false},"author":1,"featured_media":23957,"comment_status":"closed","ping_status":"closed","sticky":false,"template":"","format":"standard","meta":{"footnotes":""},"categories":[101,19],"tags":[],"class_list":["post-23956","post","type-post","status-publish","format-standard","has-post-thumbnail","hentry","category-eleicoes","category-politica"],"_links":{"self":[{"href":"https:\/\/www.corumbaonline.com.br\/news\/wp-json\/wp\/v2\/posts\/23956","targetHints":{"allow":["GET"]}}],"collection":[{"href":"https:\/\/www.corumbaonline.com.br\/news\/wp-json\/wp\/v2\/posts"}],"about":[{"href":"https:\/\/www.corumbaonline.com.br\/news\/wp-json\/wp\/v2\/types\/post"}],"author":[{"embeddable":true,"href":"https:\/\/www.corumbaonline.com.br\/news\/wp-json\/wp\/v2\/users\/1"}],"replies":[{"embeddable":true,"href":"https:\/\/www.corumbaonline.com.br\/news\/wp-json\/wp\/v2\/comments?post=23956"}],"version-history":[{"count":1,"href":"https:\/\/www.corumbaonline.com.br\/news\/wp-json\/wp\/v2\/posts\/23956\/revisions"}],"predecessor-version":[{"id":23958,"href":"https:\/\/www.corumbaonline.com.br\/news\/wp-json\/wp\/v2\/posts\/23956\/revisions\/23958"}],"wp:featuredmedia":[{"embeddable":true,"href":"https:\/\/www.corumbaonline.com.br\/news\/wp-json\/wp\/v2\/media\/23957"}],"wp:attachment":[{"href":"https:\/\/www.corumbaonline.com.br\/news\/wp-json\/wp\/v2\/media?parent=23956"}],"wp:term":[{"taxonomy":"category","embeddable":true,"href":"https:\/\/www.corumbaonline.com.br\/news\/wp-json\/wp\/v2\/categories?post=23956"},{"taxonomy":"post_tag","embeddable":true,"href":"https:\/\/www.corumbaonline.com.br\/news\/wp-json\/wp\/v2\/tags?post=23956"}],"curies":[{"name":"wp","href":"https:\/\/api.w.org\/{rel}","templated":true}]}}