{"id":23963,"date":"2018-10-23T09:29:45","date_gmt":"2018-10-23T12:29:45","guid":{"rendered":"http:\/\/www.corumbaonline.com.br\/news\/?p=23963"},"modified":"2018-10-23T10:41:18","modified_gmt":"2018-10-23T13:41:18","slug":"apoio-a-haddad-reune-69-torcidas-organizadas-e-lideres-religiosos","status":"publish","type":"post","link":"https:\/\/www.corumbaonline.com.br\/news\/apoio-a-haddad-reune-69-torcidas-organizadas-e-lideres-religiosos\/","title":{"rendered":"Apoio a Haddad re\u00fane 69 torcidas organizadas e l\u00edderes religiosos"},"content":{"rendered":"<p>No Teatro da Pontif\u00edcia Universidade Cat\u00f3lica de S\u00e3o Paulo (Tuca), o candidato do PT \u00e0 Presid\u00eancia da Rep\u00fablica, Fernando Haddad, recebeu nesta\u00a0segunda-feira (22) \u00e0 noite o apoio de 69 torcidas organizadas de clubes de futebol, unindo Corinthians e Palmeiras, Flamengo e Vasco, Internacional e Gr\u00eamio, entre outros rivais. Tamb\u00e9m participaram l\u00edderes religiosos de diversos credos, artistas e intelectuais.<\/p>\n<p>Os torcedores subiram ao palco, onde estava Haddad, para defender o que chamaram de\u00a0<em>Manifesto das Torcidas pelo Brasil<\/em>. No documento, assinado por representantes do Corinthians, Internacional, Gr\u00eamio, Vasco, Palmeiras, Flamengo, Santa Cruz, Sport, N\u00e1utico, Cruzeiro, S\u00e3o Paulo, CSA, entre outros, os esportistas destacam a import\u00e2ncia do di\u00e1logo.<\/p>\n<p>\u201c\u00c9 imensamente importante que tenhamos clareza e di\u00e1logo para nos posicionarmos nesse momento em nome da democracia e da liberdade. Caso contr\u00e1rio, todos os nossos sonhos e lutas ter\u00e3o sido em v\u00e3o\u201d, diz o documento.<\/p>\n<p>Religiosos cat\u00f3licos, evang\u00e9licos, budistas e de matrizes africanas tamb\u00e9m subiram no palco para fazer uma ora\u00e7\u00e3o pela candidatura de Haddad. Intelectuais e artistas ressaltaram a import\u00e2ncia de defender a democracia e o Estado de Direito.<\/p>\n<h2>Alerta<\/h2>\n<p>Durante o evento,\u00a0<a href=\"http:\/\/agenciabrasil.ebc.com.br\/politica\/noticia\/2018-10\/marina-silva-declara-apoio-critico-haddad\" target=\"_blank\" rel=\"noopener noreferrer\">Haddad agradeceu o apoio divulgado ontem<\/a> pela candidata derrotada da Rede, Marina Silva.\u00a0\u201cEsse reencontro democr\u00e1tico me enche de orgulho\u201d, afirmou o presidenci\u00e1vel, que mais cedo, nas redes sociais, lembrou da conviv\u00eancia harm\u00f4nica e respeitosa com Marina Silva quando ambos eram ministros.<\/p>\n<p>Haddad acrescentou que as propostas do advers\u00e1rio Jair Bolsonaro (PSL) podem at\u00e9 serem aceitas em um momento de &#8220;del\u00edrio&#8221;, mas jamais prevalecer\u00e3o.\u00a0&#8220;A humanidade jamais vai concordar com o arb\u00edtrio. Pode at\u00e9, em um momento de del\u00edrio, de perturba\u00e7\u00e3o, de raiva, de \u00f3dio, ela pode at\u00e9 querer abra\u00e7ar um projeto que ele representa.\u201d<\/p>\n<p>Em seguida, o candidato acrescentou: \u201cMas a gente acorda desse pesadelo e realiza a humanidade que todo mundo tem dentro de si. Ele \u00e9 o antisser humano, \u00e9 tudo que precisa ser varrido da face da Terra&#8221;, afirmou.<\/p>\n<h2>Rea\u00e7\u00f5es<\/h2>\n<p>Haddad reiterou a rejei\u00e7\u00e3o pelo tom adotado pelo advers\u00e1rio, que pregou a exclus\u00e3o dos \u201cvermelhos\u201d durante ato na Avenida Paulista. &#8220;Ele fez um v\u00eddeo muito grave, que eu nunca tinha visto uma pessoa\u00a0ter\u00a0coragem de fazer:\u00a0que \u00e9 amea\u00e7ar de morte um advers\u00e1rio, amea\u00e7ar a integridade f\u00edsica dos seus opositores, dizendo que n\u00e3o\u00a0ter\u00e3o lugar no Brasil, ou a cadeia ou o ex\u00edlio. Disse com todas as letras, est\u00e1 gravado, registrado para a posteridade\u201d.<\/p>\n<p>Mais cedo, o candidato do PT disse, ao comentar o mesmo epis\u00f3dio, que<a href=\"http:\/\/agenciabrasil.ebc.com.br\/politica\/noticia\/2018-10\/para-haddad-instituicoes-nao-estao-reagindo-amecas-democracia\" target=\"_blank\" rel=\"noopener noreferrer\">\u00a0as institui\u00e7\u00f5es n\u00e3o est\u00e3o reagindo \u00e0s amea\u00e7as \u00e0 democracia<\/a>.<\/p>\n<p>O candidato do PT ressaltou\u00a0que, at\u00e9 o dia 28 (data do segundo turno),\u00a0o pa\u00eds vai perceber o verdadeiro projeto pol\u00edtico de Bolsonaro.\u00a0&#8220;\u00c9 uma pessoa que saiu das trevas da ditadura, dos por\u00f5es da ditadura e, sem que as pessoas consigam perceber o que ele representa, ainda, porque n\u00f3s temos at\u00e9\u00a0domingo\u00a0para demonstrar, ele vem galgando degraus e agora parece como um paladino da restaura\u00e7\u00e3o de uma ordem que ningu\u00e9m quer mais.&#8221;<\/p>\n","protected":false},"excerpt":{"rendered":"<p>No Teatro da Pontif\u00edcia Universidade Cat\u00f3lica de S\u00e3o Paulo (Tuca), o candidato do PT \u00e0&#8230;<\/p>\n","protected":false},"author":1,"featured_media":0,"comment_status":"closed","ping_status":"closed","sticky":false,"template":"","format":"standard","meta":{"footnotes":""},"categories":[101,19],"tags":[],"class_list":["post-23963","post","type-post","status-publish","format-standard","hentry","category-eleicoes","category-politica"],"_links":{"self":[{"href":"https:\/\/www.corumbaonline.com.br\/news\/wp-json\/wp\/v2\/posts\/23963","targetHints":{"allow":["GET"]}}],"collection":[{"href":"https:\/\/www.corumbaonline.com.br\/news\/wp-json\/wp\/v2\/posts"}],"about":[{"href":"https:\/\/www.corumbaonline.com.br\/news\/wp-json\/wp\/v2\/types\/post"}],"author":[{"embeddable":true,"href":"https:\/\/www.corumbaonline.com.br\/news\/wp-json\/wp\/v2\/users\/1"}],"replies":[{"embeddable":true,"href":"https:\/\/www.corumbaonline.com.br\/news\/wp-json\/wp\/v2\/comments?post=23963"}],"version-history":[{"count":1,"href":"https:\/\/www.corumbaonline.com.br\/news\/wp-json\/wp\/v2\/posts\/23963\/revisions"}],"predecessor-version":[{"id":23964,"href":"https:\/\/www.corumbaonline.com.br\/news\/wp-json\/wp\/v2\/posts\/23963\/revisions\/23964"}],"wp:attachment":[{"href":"https:\/\/www.corumbaonline.com.br\/news\/wp-json\/wp\/v2\/media?parent=23963"}],"wp:term":[{"taxonomy":"category","embeddable":true,"href":"https:\/\/www.corumbaonline.com.br\/news\/wp-json\/wp\/v2\/categories?post=23963"},{"taxonomy":"post_tag","embeddable":true,"href":"https:\/\/www.corumbaonline.com.br\/news\/wp-json\/wp\/v2\/tags?post=23963"}],"curies":[{"name":"wp","href":"https:\/\/api.w.org\/{rel}","templated":true}]}}