{"id":23966,"date":"2018-10-23T08:20:42","date_gmt":"2018-10-23T11:20:42","guid":{"rendered":"http:\/\/www.corumbaonline.com.br\/news\/?p=23966"},"modified":"2018-10-23T13:04:00","modified_gmt":"2018-10-23T16:04:00","slug":"evento-de-iniciacao-cientifica-comeca-hoje-na-embrapa-pantanal","status":"publish","type":"post","link":"https:\/\/www.corumbaonline.com.br\/news\/evento-de-iniciacao-cientifica-comeca-hoje-na-embrapa-pantanal\/","title":{"rendered":"Evento de inicia\u00e7\u00e3o cient\u00edfica come\u00e7a hoje na Embrapa Pantanal"},"content":{"rendered":"<p>Nesta semana acontece o 6\u00ba Evento de Inicia\u00e7\u00e3o Cient\u00edfica da Embrapa Pantanal, o Evinci, e a XIII Semana de Biologia na UFMS. A Semana come\u00e7ou nesta segunda-feira e o Evinci tem in\u00edcio nesta ter\u00e7a no audit\u00f3rio da nossa unidade de pesquisa. Este ano, al\u00e9m das apresenta\u00e7\u00f5es de trabalhos do alunos, o 6\u00ba Evinci conta com a apresenta\u00e7\u00e3o de palestras de pesquisadores e professores, que ir\u00e3o abordar temas e experi\u00eancias em pesquisa, assim como diversos cursos e workshops para os participantes.<\/p>\n<p>O evento tem uma p\u00e1gina no Facebook com mais informa\u00e7\u00f5es:\u00a0<a href=\"https:\/\/www.facebook.com\/events\/238877136787651\/\" target=\"_blank\" rel=\"noopener noreferrer\">https:\/\/www.facebook.com\/events\/238877136787651\/<\/a><\/p>\n<p>Confira a programa\u00e7\u00e3o!<\/p>\n<p><strong>Cronograma Evinci &#8211; dia 23, ter\u00e7a-feira (audit\u00f3rio \u00c1guas do Pantanal &#8211; Embrapa Pantanal)<\/strong><\/p>\n<p>8h-9h: Palestra Compartilhando experi\u00eancias &#8211; Marina Daibert<br \/>\n9h-9h15: Avalia\u00e7\u00e3o do processo de calandragem para a separa\u00e7\u00e3o do endocarpo da am\u00eandoa da bocaiuva -Danyela Gon\u00e7alves de Oliveira, F\u00e1bio Galvani<br \/>\n9h15-9h30: A Carpoteca para valoriza\u00e7\u00e3o de frutos nativos do Pantanal no Distrito de Albuquerque, Corumb\u00e1 (MS) &#8211; Iza Cristina Magalh\u00e3es Brand\u00e3o, Marcus Vin\u00edcius S. Urquiza, Maria Ana Farinaccio<br \/>\n9h30-9h45: Valoriza\u00e7\u00e3o de plantas aliment\u00edcias silvestres do Pantanal: Carpoteca, Lad\u00e1rio (MS) &#8211; Izabela Ortega de Siqueira, Marcus Vin\u00edcius Santiago Urquiza, Maria Ana Farinaccio<br \/>\n9h45-10h: Massa de sementes cheias e vazias de diferentes acessos da gram\u00ednea nativa Paspalum oteroi &#8211; Mylenna Isa de Oliveira Salles, Jo\u00e3o Batista Garcia, Karine Aparecida Silva dos Santos, Ana Clara de Sousa Meirelles, Sandra Aparecida Santos<br \/>\n10h-11h: Palestra Compartilhando experi\u00eancias &#8211; Igor Alexandre Hany Fuzeta Schabib P\u00e9res<\/p>\n<p>14h-15h: Palestra Compartilhando experi\u00eancias &#8211; Thainan Bornato<br \/>\n15h-15h20: Coffe Break<br \/>\n15h20-15h35: Principais fam\u00edlias bot\u00e2nicas e g\u00eaneros do Herb\u00e1rio CPAP &#8211; Kercy Aparecida Martins Pessoa, Suzana Maria Salis<br \/>\n15h35-15h50: Acervo do Herb\u00e1rio COR: Asteraceae &#8211; Daniel de M. Mendes, Dami\u00e3o T. de Azevedo, Priscilla Pessoa de Oliveira, Maria Ana Farinaccio<br \/>\n15h50-16h05: Acervo do Herb\u00e1rio COR: Fabaceae &#8211; Bruna de Matos Miranda da Silva, Miguel Lucas Machado Silva, Priscilla Pessoa de Oliveira, Dami\u00e3o T. de Azevedo, Maria Ana Farinaccio<br \/>\n16h05-16h20: Plantas Consp\u00edcuas da Estrada Parque do Pantanal: Malvaceae Juss &#8211;\u00a0 Milena Castello Estra, Marcus Vin\u00edcius S. Urquiza, Maria Ana Farinaccio<br \/>\n16h20-16h35: Taxas de Mortalidade de Equinos na Fazenda Nhumirim, de 2010 a 2018 &#8211; Rafael Augusto Ducel de Souza, Raquel Soares Juliano, Sandra Aparecida Santos, Balbina Maria Ara\u00fajo Soriano, Igor Alexandre Hanny Fuzeta Schabib Peres, Karla Moraes Rocha Guedes<br \/>\n16h35-16h50: Fitossociologia da vegeta\u00e7\u00e3o de duas bancadas later\u00edticas em Corumb\u00e1 e Lad\u00e1rio (MS) &#8211;\u00a0 Selma Rodrigues Costa, Let\u00edcia Bueno de Oliveira, Marcus Vin\u00edcius Santiago Urquiza, Adriana Takahasi<\/p>\n<p><strong>Cronograma Evinci &#8211; dia 24, quarta-feira (audit\u00f3rio \u00c1guas do Pantanal &#8211; Embrapa Pantanal)<\/strong><\/p>\n<p>8h-9h: Palestra Compartilhando experi\u00eancias &#8211; Suzana Maria Salis<br \/>\n9h-9h15: Checklist do G\u00eanero Serjania (Sapindaceae) no Pantanal de Mato Grosso do Sul, Brasil &#8211;\u00a0 Iza Cristina Magalh\u00e3es Brand\u00e3o, Raissa Vieira Radiche, Maria Ana Farinaccio<br \/>\n9h15-9h30: A import\u00e2ncia da anatomia do caule para o reconhecimento de esp\u00e9cies de Serjania &#8211;\u00a0 Raissa Vieira Radiche, Iza Cristina Magalh\u00e3es Brand\u00e3o, Maria Ana Farinaccio<br \/>\n9h30-9h45: Caracteriza\u00e7\u00e3o Anat\u00f4mica Macrosc\u00f3pica da Madeira de Tr\u00eas Esp\u00e9cies de Aspidosperma &#8211;\u00a0 Jo\u00e3o Marcelo Figueiredo Braga, Marcus Vin\u00edcius Santiago Urquiza, Maria Ana Farinaccio<br \/>\n9h45-10h: An\u00e1lise da distribui\u00e7\u00e3o de focos de calor no Pantanal brasileiro em 2017 &#8211;\u00a0 L\u00edvia Fernandes Ramos, Maxwell da Rosa Oliveira, Balbina Maria Ara\u00fajo Soriano<br \/>\n10h-11h: Palestra Compartilhando experi\u00eancias &#8211; Marivaine Brasil<\/p>\n<p>14h-15h: Palestra Compartilhando experi\u00eancias &#8211; Neiva Mattos<br \/>\n15h-15h20: Coffe Break<br \/>\n15h20-15h35: An\u00e1lise de cr\u00e2nios de &#8220;porco monteiro&#8221; e &#8220;javali&#8221; obtidos no Mato Grosso do Sul &#8211;\u00a0 Jeilson Naz\u00e1rio Mercado, Walfrido Moraes Tomas, Guilherme Mour\u00e3o, Zilca Campos<br \/>\n15h35-15h50: Preju\u00edzos do javali nas lavouras do sul do Mato Grosso do Sul &#8211;\u00a0 Lara Cassiano Pedreira Lopo, Maxwell da Rosa Oliveira, Thamy de Almeida Moreira, Leonardo Carlotto Portalete, Aiesca Oliveira Pellegrin<br \/>\n15h50-16h05: Divulga\u00e7\u00e3o cient\u00edfica e educa\u00e7\u00e3o ambiental: o Programa Embrapa &amp; Escola na Embrapa Pantanal &#8211; Gabriel Oliveira de Freitas, Rosilene Gutierrez, Walfrido Moraes Tomas<br \/>\n16h05-16h20: Fatores que influenciaram na agenda de pescadores amadores do Pantanal Sul em 2016: dados preliminares &#8211;\u00a0 Matheus Gon\u00e7alves de Medeiros, Agostinho Carlos Catella<br \/>\n16h20-16h35: An\u00e1lise espacial e temporal de dados Limnol\u00f3gicos na bacia do rio Paraguai em sistema de informa\u00e7\u00e3o geogr\u00e1ficas, software livre QGIS &#8211;\u00a0 Wener Hugo Arruda Moreno, Marcia Divina de Oliveira, Ibraim Fantin da Cruz<br \/>\n16h35-16h50: Intervalo<br \/>\n16h50: Resultado da Premia\u00e7\u00e3o do 6\u00ba Evinci do Pantanal<\/p>\n<p><strong>Minicursos: dias 25, 26 e 27<\/strong><\/p>\n<p>. T\u00e9cnicas de Observa\u00e7\u00e3o e Identifica\u00e7\u00e3o de Aves &#8211; Simone Mamede e Maristela Benites<br \/>\n. T\u00e9cnicas de Levantamento de Mam\u00edferos Terrestres &#8211; Carolina Garcia<br \/>\n. Taxidermia de Animais Silvestres &#8211; Daly Padilha<br \/>\n. Curso b\u00e1sico de fotografia: fotografia aplicada ao registro natural e a conserva\u00e7\u00e3o &#8211; Thiago Mesquita<br \/>\n. T\u00e9cnicas de Coleta e Identifica\u00e7\u00e3o de Anf\u00edbios &#8211; Nelson Rufino<br \/>\n. Manejo de Jacar\u00e9 do Pantanal &#8211; Willer Girardi<br \/>\n. Biologia e Ecologia de Morcegos &#8211; Jaire Torres<br \/>\n. Ecologia e Cultivo de Abelhas sem Ferr\u00e3o &#8211; Jovelina Oliveira<br \/>\n. Permacultura &#8211; fundamentos e princ\u00edpios para a constru\u00e7\u00e3o e manuten\u00e7\u00e3o de um ambiente sustent\u00e1vel &#8211; Virginia Lito<br \/>\n. Oficina de Yoga &#8211; Natacha Dagel<\/p>\n<p>As atividades da XIII Semana de Biologia tamb\u00e9m continuam nesta quarta-feira, dia 24, no bloco H108 da UFMS. Ser\u00e3o ministradas as palestras &#8220;A Estrutura do Pensamento e a Aprendizagem&#8221;, com Daniela Guimar\u00e3es das 18h \u00e0s 19h, e &#8220;A organiza\u00e7\u00e3o do trabalho pedag\u00f3gico \u00e0 luz da Estrutura do Pensamento&#8221; com Nara Pedrozo das 19h \u00e0s 20h.<\/p>\n","protected":false},"excerpt":{"rendered":"<p>Nesta semana acontece o 6\u00ba Evento de Inicia\u00e7\u00e3o Cient\u00edfica da Embrapa Pantanal, o Evinci, e&#8230;<\/p>\n","protected":false},"author":1,"featured_media":0,"comment_status":"closed","ping_status":"closed","sticky":false,"template":"","format":"standard","meta":{"footnotes":""},"categories":[2],"tags":[],"class_list":["post-23966","post","type-post","status-publish","format-standard","hentry","category-agropecuaria"],"_links":{"self":[{"href":"https:\/\/www.corumbaonline.com.br\/news\/wp-json\/wp\/v2\/posts\/23966","targetHints":{"allow":["GET"]}}],"collection":[{"href":"https:\/\/www.corumbaonline.com.br\/news\/wp-json\/wp\/v2\/posts"}],"about":[{"href":"https:\/\/www.corumbaonline.com.br\/news\/wp-json\/wp\/v2\/types\/post"}],"author":[{"embeddable":true,"href":"https:\/\/www.corumbaonline.com.br\/news\/wp-json\/wp\/v2\/users\/1"}],"replies":[{"embeddable":true,"href":"https:\/\/www.corumbaonline.com.br\/news\/wp-json\/wp\/v2\/comments?post=23966"}],"version-history":[{"count":1,"href":"https:\/\/www.corumbaonline.com.br\/news\/wp-json\/wp\/v2\/posts\/23966\/revisions"}],"predecessor-version":[{"id":23967,"href":"https:\/\/www.corumbaonline.com.br\/news\/wp-json\/wp\/v2\/posts\/23966\/revisions\/23967"}],"wp:attachment":[{"href":"https:\/\/www.corumbaonline.com.br\/news\/wp-json\/wp\/v2\/media?parent=23966"}],"wp:term":[{"taxonomy":"category","embeddable":true,"href":"https:\/\/www.corumbaonline.com.br\/news\/wp-json\/wp\/v2\/categories?post=23966"},{"taxonomy":"post_tag","embeddable":true,"href":"https:\/\/www.corumbaonline.com.br\/news\/wp-json\/wp\/v2\/tags?post=23966"}],"curies":[{"name":"wp","href":"https:\/\/api.w.org\/{rel}","templated":true}]}}