{"id":23970,"date":"2018-10-23T10:00:59","date_gmt":"2018-10-23T13:00:59","guid":{"rendered":"http:\/\/www.corumbaonline.com.br\/news\/?p=23970"},"modified":"2018-10-23T13:08:27","modified_gmt":"2018-10-23T16:08:27","slug":"em-carta-a-celso-de-mello-bolsonaro-diz-que-se-deve-prestigiar-o-stf","status":"publish","type":"post","link":"https:\/\/www.corumbaonline.com.br\/news\/em-carta-a-celso-de-mello-bolsonaro-diz-que-se-deve-prestigiar-o-stf\/","title":{"rendered":"Em carta a Celso de Mello, Bolsonaro diz que se deve prestigiar o STF"},"content":{"rendered":"<p>O candidato do PSL \u00e0 Presid\u00eancia da Rep\u00fablica, Jair Bolsonaro, enviou ontem (22) uma carta ao ministro Celso de Mello, do Supremo Tribunal Federal (STF), em que diz ter \u201capre\u00e7o\u201d pelo magistrado e que a Corte \u00e9 guardi\u00e3 da Constitui\u00e7\u00e3o e, por isso, merece o prest\u00edgio de todos.<\/p>\n<p>A inciativa ocorre ap\u00f3s a repercuss\u00e3o de um v\u00eddeo em que um dos filhos do candidato, o deputado federal Eduardo Bolsonaro, fala que seria preciso \u201cum cabo e um soldado\u201d para fechar o Supremo, em caso de embate com o Executivo.<\/p>\n<div class=\"dnd-widget-wrapper context-cheio_8colunas type-image\">\n<div class=\"dnd-atom-rendered\">\n<figure class=\"mejs-fotoh-wrapper\">\n<p><figure style=\"width: 754px\" class=\"wp-caption alignnone\"><img loading=\"lazy\" decoding=\"async\" class=\"img-responsive full full\" title=\"T\u00e2nia R\u00eago\/Ag\u00eancia Brasil\/Ag\u00eancia Brasil\" src=\"http:\/\/imagens.ebc.com.br\/Ux-fBA18t_kRL5qht7P0xzXI-bw=\/754x0\/smart\/http:\/\/agenciabrasil.ebc.com.br\/sites\/default\/files\/thumbnails\/image\/tnrgo_20181020_1864.jpg?itok=w6ZwitiZ\" alt=\"O candidato do PSL \u00e0 Presid\u00eancia da Rep\u00fablica, Jair Bolsonaro, fala \u00e0 imprensa.\" width=\"754\" height=\"502\" \/><figcaption class=\"wp-caption-text\">Bolsonaro: \u201cSupremo Tribunal Federal \u00e9 o guardi\u00e3o da Constitui\u00e7\u00e3o e todos temos de prestigiar a Corte\u201d (T\u00e2nia R\u00eago\/Ag\u00eancia Brasil)<\/figcaption><\/figure><\/figure>\n<\/div>\n<\/div>\n<p>As declara\u00e7\u00f5es do deputado, proferidas durante uma aula de cursinho para concursos em julho, repercutiram mal no Supremo. Na segunda-feira, Celso de Mello classificou de \u201cinconsequente e golpista\u201d a manifesta\u00e7\u00e3o.<\/p>\n<h2>Ordem democr\u00e1tica<\/h2>\n<p>&#8220;Essa declara\u00e7\u00e3o, al\u00e9m de inconsequente e golpista, mostra bem o tipo (irrespons\u00e1vel) de parlamentar cuja atua\u00e7\u00e3o no Congresso Nacional, mantida essa inaceit\u00e1vel vis\u00e3o autorit\u00e1ria, s\u00f3 comprometer\u00e1 a integridade da ordem democr\u00e1tica e o respeito indeclin\u00e1vel que se deve ter pela supremacia da Constitui\u00e7\u00e3o da Rep\u00fablica!!!!\u201d, disse o ministro, o mais antigo do Supremo, em nota enviada a um jornal.<\/p>\n<p>Outros ministros tamb\u00e9m repercutiram o assunto ontem. Em palestra, Alexandre de Moraes disse que a Procuradoria-Geral da Rep\u00fablica (PGR) deveria abrir procedimento para investigar a fala sobre fechar o STF. Sem citar Eduardo Bolsonaro, ele afirmou ser \u201cinacredit\u00e1vel que tenhamos que ouvir tanta asneira da boca de quem representa o povo\u201d.<\/p>\n<p>Ap\u00f3s as manifesta\u00e7\u00f5es descontentes de seus pares, o presidente do STF, ministro Dias Toffoli, divulgou uma nota oficial em que afirma, tamb\u00e9m sem citar o deputado federal, que \u201catacar o Poder Judici\u00e1rio \u00e9 atacar a democracia\u201d.<\/p>\n<p>Sem mencionar o v\u00eddeo na carta enviada a Celso de Mello, Bolsonaro diz ao decano do Supremo querer deixar claro que \u201cmanifesta\u00e7\u00f5es mais emocionais, ocorridas nestes \u00faltimos tempos, se mostram fruto da ang\u00fastia e das amea\u00e7as sofridas neste processo eleitoral\u201d.<\/p>\n<p>O presidenci\u00e1vel do PSL acrescenta que o \u201cSupremo Tribunal Federal \u00e9 o guardi\u00e3o da Constitui\u00e7\u00e3o e todos temos de prestigiar a Corte\u201d.<\/p>\n<p>Em postagem publicada em redes sociais na tarde de domingo, Eduardo Bolsonaro se retratou. &#8220;Se fui infeliz e atingi algu\u00e9m, tranquilamente pe\u00e7o desculpas e digo que n\u00e3o era a minha inten\u00e7\u00e3o\u201d, disse.<\/p>\n","protected":false},"excerpt":{"rendered":"<p>O candidato do PSL \u00e0 Presid\u00eancia da Rep\u00fablica, Jair Bolsonaro, enviou ontem (22) uma carta&#8230;<\/p>\n","protected":false},"author":1,"featured_media":0,"comment_status":"closed","ping_status":"closed","sticky":false,"template":"","format":"standard","meta":{"footnotes":""},"categories":[101,19],"tags":[],"class_list":["post-23970","post","type-post","status-publish","format-standard","hentry","category-eleicoes","category-politica"],"_links":{"self":[{"href":"https:\/\/www.corumbaonline.com.br\/news\/wp-json\/wp\/v2\/posts\/23970","targetHints":{"allow":["GET"]}}],"collection":[{"href":"https:\/\/www.corumbaonline.com.br\/news\/wp-json\/wp\/v2\/posts"}],"about":[{"href":"https:\/\/www.corumbaonline.com.br\/news\/wp-json\/wp\/v2\/types\/post"}],"author":[{"embeddable":true,"href":"https:\/\/www.corumbaonline.com.br\/news\/wp-json\/wp\/v2\/users\/1"}],"replies":[{"embeddable":true,"href":"https:\/\/www.corumbaonline.com.br\/news\/wp-json\/wp\/v2\/comments?post=23970"}],"version-history":[{"count":1,"href":"https:\/\/www.corumbaonline.com.br\/news\/wp-json\/wp\/v2\/posts\/23970\/revisions"}],"predecessor-version":[{"id":23971,"href":"https:\/\/www.corumbaonline.com.br\/news\/wp-json\/wp\/v2\/posts\/23970\/revisions\/23971"}],"wp:attachment":[{"href":"https:\/\/www.corumbaonline.com.br\/news\/wp-json\/wp\/v2\/media?parent=23970"}],"wp:term":[{"taxonomy":"category","embeddable":true,"href":"https:\/\/www.corumbaonline.com.br\/news\/wp-json\/wp\/v2\/categories?post=23970"},{"taxonomy":"post_tag","embeddable":true,"href":"https:\/\/www.corumbaonline.com.br\/news\/wp-json\/wp\/v2\/tags?post=23970"}],"curies":[{"name":"wp","href":"https:\/\/api.w.org\/{rel}","templated":true}]}}