{"id":23975,"date":"2018-10-23T10:37:59","date_gmt":"2018-10-23T13:37:59","guid":{"rendered":"http:\/\/www.corumbaonline.com.br\/news\/?p=23975"},"modified":"2018-10-23T13:18:23","modified_gmt":"2018-10-23T16:18:23","slug":"cientistas-sociais-mostram-preocupacao-com-financiamento-de-pesquisa","status":"publish","type":"post","link":"https:\/\/www.corumbaonline.com.br\/news\/cientistas-sociais-mostram-preocupacao-com-financiamento-de-pesquisa\/","title":{"rendered":"Cientistas sociais mostram preocupa\u00e7\u00e3o com financiamento de pesquisa"},"content":{"rendered":"<p>Os cientistas sociais brasileiros vivem a expectativa de \u201ctempos de mudan\u00e7as\u201d, sentem \u201cincertezas e ang\u00fastias\u201d quanto \u00e0 sobreviv\u00eancia e amplia\u00e7\u00e3o do campo de atua\u00e7\u00e3o da intelig\u00eancia no pa\u00eds a partir de 2019, quando assume o novo presidente da Rep\u00fablica a ser escolhido no pr\u00f3ximo domingo (28). A avalia\u00e7\u00e3o \u00e9 do cientista pol\u00edtico Fabiano Santos, presidente da Associa\u00e7\u00e3o Nacional de P\u00f3s-Gradua\u00e7\u00e3o e Pesquisa em Ci\u00eancias Sociais (Anpocs)\u00a0que, na noite de ontem (22), participou da abertura da reuni\u00e3o anual da entidade, regularmente realizada em Caxambu, no sudeste de Minas Gerais (a 380 km de Belo Horizonte).<\/p>\n<p>O encontro este ano re\u00fane mais de mil cientistas sociais que apresentar\u00e3o seus trabalhos em uma centena de mesas redondas, grupos de trabalho e simp\u00f3sios de pesquisa e col\u00f3quio.<\/p>\n<p>Em entrevista \u00e0\u00a0<strong>Ag\u00eancia Brasil<\/strong>, o professor do Instituto de Estudos Sociais e Pol\u00edticos da Universidade do Estado do Rio de Janeiro (Uerj) mostrou-se preocupado com a atual \u201casfixia econ\u00f4mica\u201d e com a possibilidade de mais cortes de verbas para o ensino e a pesquisa \u201cpara fazer ajuste fiscal\u201d, como ocorre, segundo ele, desde a recess\u00e3o econ\u00f4mica iniciada em 2014. \u201c\u00c9 importante notar que isso \u00e9 um trabalho, de d\u00e9cadas, de constru\u00e7\u00e3o de um parque cient\u00edfico e tecnol\u00f3gico que muita contribui\u00e7\u00e3o d\u00e1 ao desenvolvimento brasileiro, inclusive no \u00e2mbito das ci\u00eancias sociais\u201d, destacou Fabiano Santos.<\/p>\n<h2>Intoler\u00e2ncia e incompreens\u00e3o<\/h2>\n<p>Segundo ele, a redu\u00e7\u00e3o de investimentos ocorre, muitas vezes, pela incompreens\u00e3o no mundo pol\u00edtico e na sociedade sobre o papel e a import\u00e2ncia da sociologia, antropologia e ci\u00eancia pol\u00edtica. \u201cA contribui\u00e7\u00e3o das ci\u00eancias sociais \u00e9 essencial no sentido de pacifica\u00e7\u00e3o, estabiliza\u00e7\u00e3o, no sentido de encontrar caminhos de desenvolvimento\u201d, lembrou Santos.<\/p>\n<p>O cientista pol\u00edtico tamb\u00e9m falou sobre riscos de que incidentes de intoler\u00e2ncia social e viol\u00eancia continuem ocorrendo nas universidades. \u201cN\u00e3o \u00e9 poss\u00edvel pensar numa trajet\u00f3ria do pa\u00eds para desenvolver e aprofundar a sua democracia com epis\u00f3dios de viola\u00e7\u00e3o [de direitos] nos quais a universidade \u00e9 tida como lugar em que \u00e9 poss\u00edvel a intoler\u00e2ncia e a viol\u00eancia. N\u00e3o h\u00e1 paralelo em pa\u00edses desenvolvidos no qual a universidade n\u00e3o \u00e9 vista como algo fundamental, um lugar de reflex\u00e3o cr\u00edtica e plural\u201d.<\/p>\n<p>O antrop\u00f3logo Ot\u00e1vio Velho, professor em\u00e9rito do Museu Nacional (Universidade Federal do Rio de Janeiro) e presidente de honra da Sociedade Brasileira para o Progresso da Ci\u00eancia (SBPC), defendeu aproxima\u00e7\u00e3o dos cientistas sociais com as representa\u00e7\u00f5es das demais \u00e1reas de conhecimento cient\u00edfico e com a SBPC.<\/p>\n<p>Durante\u00a0exposi\u00e7\u00e3o na abertura do evento, ele lembrou que a Anpocs foi criada em 1977 e que, durante a ditadura militar, a comunidade cient\u00edfica sempre achou interlocutores. Segundo ele, foram feitas \u201ccoisas boas no passado e isso vai continuar acontecer conosco\u201d. Tentando evitar o pessimismo, Velho ponderou: \u201cn\u00e3o podemos projetar o que aconteceu num futuro que n\u00e3o sabemos o que nos aguarda\u201d.<\/p>\n<p>Em entrevista \u00e0\u00a0<strong>Ag\u00eancia Brasil<\/strong>, Ot\u00e1vio Velho assinalou preocupa\u00e7\u00e3o com as popula\u00e7\u00f5es estudadas pelas ci\u00eancias sociais. \u201cNo caso da antropologia particularmente, que \u00e9 a minha \u00e1rea, nos preocupamos com vis\u00f5es colocadas em rela\u00e7\u00e3o \u00e0s minorias \u00e9tnicas, sobretudo em rela\u00e7\u00e3o aos \u00edndios e aos negros. \u00c9 importante que a posi\u00e7\u00e3o desses grupos na sociedade brasileira seja cada vez mais reconhecida e valorizada como sendo uma riqueza do patrim\u00f4nio nacional\u201d.<\/p>\n<h2>Propostas dos presidenci\u00e1veis<\/h2>\n<p>Nos programas de governo\u00a0<a href=\"http:\/\/www.tse.jus.br\/eleicoes\/eleicoes-2018\/propostas-de-candidatos\" target=\"_blank\" rel=\"noopener noreferrer\">dispon\u00edveis no site do TSE<\/a>, os dois candidatos que disputam o segundo turno das elei\u00e7\u00f5es presidenciais trazem propostas para as \u00e1reas de ensino pesquisa e tecnologia.<\/p>\n<p>Jair Bolsonaro (PSL) avalia que \u201co modelo atual de pesquisa e desenvolvimento no Brasil est\u00e1 totalmente esgotado\u201d e que \u201cas universidades, em todos os cursos, devem estimular e ensinar o empreendedorismo\u201d. Segundo o programa de governo, os egressos do curso superior precisam sair da faculdade \u201cpensando em transformar o conhecimento obtido (&#8230;) em produtos, neg\u00f3cios, riqueza e oportunidades\u201d. Para o candidato, \u201co Brasil dever\u00e1 ser um centro mundial de pesquisa e desenvolvimento em grafeno [condutor de calor e eletricidade] e ni\u00f3bio [utilizado em ligas met\u00e1licas], gerando novas aplica\u00e7\u00f5es e produtos\u201d.<\/p>\n<p>Fernando Haddad (PT) prop\u00f5e a implementa\u00e7\u00e3o de plano decenal para viabilizar investimentos \u201ctanto governamentais quanto empresariais\u201d em pesquisa cient\u00edfica (meta de 2% do PIB). O candidato defende \u201ca recomposi\u00e7\u00e3o e amplia\u00e7\u00e3o do Sistema Nacional de Fomento de Ci\u00eancia, Tecnologia e Inova\u00e7\u00e3o\u201d, a associa\u00e7\u00e3o entre \u201cuniversidades e centros de excel\u00eancia em pesquisas p\u00fablicas e privadas\u201d em \u201c\u00e1reas estrat\u00e9gicas\u201d como manufatura avan\u00e7ada, biotecnologia, nanotecnologia, f\u00e1rmacos, energia e defesa nacional.<\/p>\n","protected":false},"excerpt":{"rendered":"<p>Os cientistas sociais brasileiros vivem a expectativa de \u201ctempos de mudan\u00e7as\u201d, sentem \u201cincertezas e ang\u00fastias\u201d&#8230;<\/p>\n","protected":false},"author":1,"featured_media":0,"comment_status":"closed","ping_status":"closed","sticky":false,"template":"","format":"standard","meta":{"footnotes":""},"categories":[19],"tags":[],"class_list":["post-23975","post","type-post","status-publish","format-standard","hentry","category-politica"],"_links":{"self":[{"href":"https:\/\/www.corumbaonline.com.br\/news\/wp-json\/wp\/v2\/posts\/23975","targetHints":{"allow":["GET"]}}],"collection":[{"href":"https:\/\/www.corumbaonline.com.br\/news\/wp-json\/wp\/v2\/posts"}],"about":[{"href":"https:\/\/www.corumbaonline.com.br\/news\/wp-json\/wp\/v2\/types\/post"}],"author":[{"embeddable":true,"href":"https:\/\/www.corumbaonline.com.br\/news\/wp-json\/wp\/v2\/users\/1"}],"replies":[{"embeddable":true,"href":"https:\/\/www.corumbaonline.com.br\/news\/wp-json\/wp\/v2\/comments?post=23975"}],"version-history":[{"count":1,"href":"https:\/\/www.corumbaonline.com.br\/news\/wp-json\/wp\/v2\/posts\/23975\/revisions"}],"predecessor-version":[{"id":23976,"href":"https:\/\/www.corumbaonline.com.br\/news\/wp-json\/wp\/v2\/posts\/23975\/revisions\/23976"}],"wp:attachment":[{"href":"https:\/\/www.corumbaonline.com.br\/news\/wp-json\/wp\/v2\/media?parent=23975"}],"wp:term":[{"taxonomy":"category","embeddable":true,"href":"https:\/\/www.corumbaonline.com.br\/news\/wp-json\/wp\/v2\/categories?post=23975"},{"taxonomy":"post_tag","embeddable":true,"href":"https:\/\/www.corumbaonline.com.br\/news\/wp-json\/wp\/v2\/tags?post=23975"}],"curies":[{"name":"wp","href":"https:\/\/api.w.org\/{rel}","templated":true}]}}