{"id":23977,"date":"2018-10-23T10:54:32","date_gmt":"2018-10-23T13:54:32","guid":{"rendered":"http:\/\/www.corumbaonline.com.br\/news\/?p=23977"},"modified":"2018-10-23T13:19:51","modified_gmt":"2018-10-23T16:19:51","slug":"vereador-cobra-entrega-de-contas-de-telefone-nas-residencias-dos-consumidores","status":"publish","type":"post","link":"https:\/\/www.corumbaonline.com.br\/news\/vereador-cobra-entrega-de-contas-de-telefone-nas-residencias-dos-consumidores\/","title":{"rendered":"Vereador cobra entrega de contas de telefone nas resid\u00eancias dos consumidores"},"content":{"rendered":"<p><span style=\"color: #000000;\">Usu\u00e1rios dos servi\u00e7os de telefonia fixo e m\u00f3vel n\u00e3o est\u00e3o recebendo suas contas em suas resid\u00eancias, causando transtornos para efetuar o pagamento. As reclama\u00e7\u00f5es s\u00e3o constantes o que levou o vereador Yussef Salla a entrar com um requerimento na C\u00e2mara Municipal de Corumb\u00e1, solicitando provid\u00eancias nesse sentido.<\/span><\/p>\n<p><span style=\"color: #000000;\">\u201cTemos recebido muitas reclama\u00e7\u00f5es de usu\u00e1rios dos servi\u00e7os de telefonia, tanto m\u00f3vel quanto fixo, de que as contas n\u00e3o est\u00e3o chegando em suas resid\u00eancias. Isso est\u00e1 acontecendo com todas as empresas e \u00e9 preciso uma solu\u00e7\u00e3o para que as contas cheguem dentro do prazo para pagamento em dia\u201d, cobrou.<\/span><\/p>\n<p><span style=\"color: #000000;\">Neste sentido, Yussef solicitou o envio de documento ao diretor-executivo do Procon de Corumb\u00e1, Alexandre Vasconcellos, com c\u00f3pia aos gerentes das operadoras de telefonia Vivo, Claro, TIM e OI, cobrando uma solu\u00e7\u00e3o.<\/span><\/p>\n<p><span style=\"color: #000000;\">\u201cExistem pessoas que optaram por receber conta on-line. Mas, quem n\u00e3o conta com esse servi\u00e7o, deve receber em seu endere\u00e7o domiciliar, o que n\u00e3o est\u00e1 ocorrendo e, quando acontece, chega com atraso. Por isso estamos pedindo uma provid\u00eancia nesse sentido, inclusive acionando o Procon para cobrar das operadoras\u201d, refor\u00e7ou.<\/span><\/p>\n<p><span style=\"color: #000000;\">Sa\u00fade<\/span><\/p>\n<p><span style=\"color: #000000;\">Em outro requerimento, o vereador solicitou ao secret\u00e1rio de Sa\u00fade Rog\u00e9rio Leite, servi\u00e7os de manuten\u00e7\u00e3o da ilumina\u00e7\u00e3o da Unidade B\u00e1sica de Sa\u00fade da Fam\u00edlia Lu\u00eds Fragelli. \u201c\u00c9 preciso revisar o sistema com a troca de l\u00e2mpadas, principalmente da recep\u00e7\u00e3o. A manuten\u00e7\u00e3o tem que ser constante\u201d, declarou.<\/span><\/p>\n","protected":false},"excerpt":{"rendered":"<p>Usu\u00e1rios dos servi\u00e7os de telefonia fixo e m\u00f3vel n\u00e3o est\u00e3o recebendo suas contas em suas&#8230;<\/p>\n","protected":false},"author":1,"featured_media":0,"comment_status":"closed","ping_status":"closed","sticky":false,"template":"","format":"standard","meta":{"footnotes":""},"categories":[19],"tags":[],"class_list":["post-23977","post","type-post","status-publish","format-standard","hentry","category-politica"],"_links":{"self":[{"href":"https:\/\/www.corumbaonline.com.br\/news\/wp-json\/wp\/v2\/posts\/23977","targetHints":{"allow":["GET"]}}],"collection":[{"href":"https:\/\/www.corumbaonline.com.br\/news\/wp-json\/wp\/v2\/posts"}],"about":[{"href":"https:\/\/www.corumbaonline.com.br\/news\/wp-json\/wp\/v2\/types\/post"}],"author":[{"embeddable":true,"href":"https:\/\/www.corumbaonline.com.br\/news\/wp-json\/wp\/v2\/users\/1"}],"replies":[{"embeddable":true,"href":"https:\/\/www.corumbaonline.com.br\/news\/wp-json\/wp\/v2\/comments?post=23977"}],"version-history":[{"count":1,"href":"https:\/\/www.corumbaonline.com.br\/news\/wp-json\/wp\/v2\/posts\/23977\/revisions"}],"predecessor-version":[{"id":23978,"href":"https:\/\/www.corumbaonline.com.br\/news\/wp-json\/wp\/v2\/posts\/23977\/revisions\/23978"}],"wp:attachment":[{"href":"https:\/\/www.corumbaonline.com.br\/news\/wp-json\/wp\/v2\/media?parent=23977"}],"wp:term":[{"taxonomy":"category","embeddable":true,"href":"https:\/\/www.corumbaonline.com.br\/news\/wp-json\/wp\/v2\/categories?post=23977"},{"taxonomy":"post_tag","embeddable":true,"href":"https:\/\/www.corumbaonline.com.br\/news\/wp-json\/wp\/v2\/tags?post=23977"}],"curies":[{"name":"wp","href":"https:\/\/api.w.org\/{rel}","templated":true}]}}