{"id":23994,"date":"2018-10-24T08:41:57","date_gmt":"2018-10-24T11:41:57","guid":{"rendered":"http:\/\/www.corumbaonline.com.br\/news\/?p=23994"},"modified":"2018-10-24T09:40:57","modified_gmt":"2018-10-24T12:40:57","slug":"conferencia-da-crianca-e-adolescente-acontece-dia-26-em-corumba","status":"publish","type":"post","link":"https:\/\/www.corumbaonline.com.br\/news\/conferencia-da-crianca-e-adolescente-acontece-dia-26-em-corumba\/","title":{"rendered":"Confer\u00eancia da crian\u00e7a e adolescente acontece dia 26 em Corumb\u00e1"},"content":{"rendered":"<p>A 10\u00aa Confer\u00eancia Municipal dos Direitos da Crian\u00e7a e do Adolescente ser\u00e1 realizada na sexta-feira, 26 de outubro, a partir das 08 horas, no audit\u00f3rio do Sindicato Rural, que fica na avenida General Rondon, \u00e1rea central de Corumb\u00e1. A confer\u00eancia \u00e9 uma realiza\u00e7\u00e3o da Prefeitura de Corumb\u00e1, por meio da Secretaria Municipal de Assist\u00eancia Social, e da Conselho Municipal dos Direitos da Crian\u00e7a e do Adolescente (CMDCA).<\/p>\n<p>&nbsp;<\/p>\n<p>Em pauta estar\u00e1 o futuro das crian\u00e7as e adolescentes de Corumb\u00e1. O evento contar\u00e1 com a participa\u00e7\u00e3o de todos os setores envolvidos nas pol\u00edticas da inf\u00e2ncia e da adolesc\u00eancia e conta com o apoio da secret\u00e1ria de Assist\u00eancia Social, Gl\u00e1ucia Iunes, que incentiva todas as a\u00e7\u00f5es que favore\u00e7am o segmento.<\/p>\n<p>&nbsp;<\/p>\n<p>A confer\u00eancia este ano ter\u00e1 como tema: \u201cProte\u00e7\u00e3o integral, Diversidade e Enfrentamento das Viol\u00eancias\u201d, mote escolhido pelo Conselho Nacional dos Direitos da Crian\u00e7a e do Adolescente (Conanda), baseado no reconhecimento de que a concretiza\u00e7\u00e3o do previsto na Constitui\u00e7\u00e3o Federal e no Estatuto da Crian\u00e7a e do Adolescente (ECA), apesar de diversos avan\u00e7os, ainda \u00e9 um desafio a ser enfrentado.<\/p>\n","protected":false},"excerpt":{"rendered":"<p>A 10\u00aa Confer\u00eancia Municipal dos Direitos da Crian\u00e7a e do Adolescente ser\u00e1 realizada na sexta-feira,&#8230;<\/p>\n","protected":false},"author":1,"featured_media":0,"comment_status":"closed","ping_status":"closed","sticky":false,"template":"","format":"standard","meta":{"footnotes":""},"categories":[14],"tags":[],"class_list":["post-23994","post","type-post","status-publish","format-standard","hentry","category-geral"],"_links":{"self":[{"href":"https:\/\/www.corumbaonline.com.br\/news\/wp-json\/wp\/v2\/posts\/23994","targetHints":{"allow":["GET"]}}],"collection":[{"href":"https:\/\/www.corumbaonline.com.br\/news\/wp-json\/wp\/v2\/posts"}],"about":[{"href":"https:\/\/www.corumbaonline.com.br\/news\/wp-json\/wp\/v2\/types\/post"}],"author":[{"embeddable":true,"href":"https:\/\/www.corumbaonline.com.br\/news\/wp-json\/wp\/v2\/users\/1"}],"replies":[{"embeddable":true,"href":"https:\/\/www.corumbaonline.com.br\/news\/wp-json\/wp\/v2\/comments?post=23994"}],"version-history":[{"count":1,"href":"https:\/\/www.corumbaonline.com.br\/news\/wp-json\/wp\/v2\/posts\/23994\/revisions"}],"predecessor-version":[{"id":23995,"href":"https:\/\/www.corumbaonline.com.br\/news\/wp-json\/wp\/v2\/posts\/23994\/revisions\/23995"}],"wp:attachment":[{"href":"https:\/\/www.corumbaonline.com.br\/news\/wp-json\/wp\/v2\/media?parent=23994"}],"wp:term":[{"taxonomy":"category","embeddable":true,"href":"https:\/\/www.corumbaonline.com.br\/news\/wp-json\/wp\/v2\/categories?post=23994"},{"taxonomy":"post_tag","embeddable":true,"href":"https:\/\/www.corumbaonline.com.br\/news\/wp-json\/wp\/v2\/tags?post=23994"}],"curies":[{"name":"wp","href":"https:\/\/api.w.org\/{rel}","templated":true}]}}