{"id":24001,"date":"2018-10-24T09:23:24","date_gmt":"2018-10-24T12:23:24","guid":{"rendered":"http:\/\/www.corumbaonline.com.br\/news\/?p=24001"},"modified":"2018-10-24T12:36:32","modified_gmt":"2018-10-24T15:36:32","slug":"a-4-dias-do-2o-turno-correm-prazos-para-propaganda-e-atos-politicos","status":"publish","type":"post","link":"https:\/\/www.corumbaonline.com.br\/news\/a-4-dias-do-2o-turno-correm-prazos-para-propaganda-e-atos-politicos\/","title":{"rendered":"A 4 dias do 2\u00ba turno, correm prazos para propaganda e atos pol\u00edticos"},"content":{"rendered":"<p>A quatro dias do segundo turno, os prazos do calend\u00e1rio eleitoral correm mais r\u00e1pidos. Amanh\u00e3 (25) \u00e9 o \u00faltimo dia para atos pol\u00edticos. O hor\u00e1rio, entretanto, \u00e9 mais prolongado. Os candidatos \u00e0 Presid\u00eancia da Rep\u00fablica Jair Bolsonaro (PSL) e Fernando Haddad (PT) t\u00eam atuado de maneiras distintas.<\/p>\n<div class=\"dnd-widget-wrapper context-cheio_8colunas type-image\">\n<div class=\"dnd-atom-rendered\">\n<figure class=\"mejs-fotoh-wrapper\">\n<p><figure style=\"width: 754px\" class=\"wp-caption alignnone\"><img loading=\"lazy\" decoding=\"async\" class=\"img-responsive full full\" title=\"T\u00e2nia Reg\u00f4 \/ Marcelo Camargo \/ Ag\u00eancia Brasil\/Ag\u00eancia Brasil\" src=\"http:\/\/imagens.ebc.com.br\/6LgLM-CrZrzw8oP_BzGJ9wYfKGU=\/754x0\/smart\/http:\/\/agenciabrasil.ebc.com.br\/sites\/default\/files\/thumbnails\/image\/bolsonaro_haddad_0.jpg?itok=BA_EOWh4\" alt=\"Candidatos \u00e0 Presid\u00eancia Jair Bolsonaro (PSL) e Fernando Haddad (PT).\" width=\"754\" height=\"503\" \/><figcaption class=\"wp-caption-text\">Os candidatos \u00e0 Presid\u00eancia da Rep\u00fablica Jair Bolsonaro (PSL) e Fernando Haddad (PT) (T\u00e2nia Reg\u00f4 \/ Marcelo Camargo \/ Ag\u00eancia Brasil)<\/figcaption><\/figure><\/figure>\n<\/div>\n<\/div>\n<p>Haddad intensificou os atos de campanha, saindo de S\u00e3o Paulo rumo ao Rio<span id=\"OBJ_PREFIX_DWT454_com_zimbra_date\">\u00a0de Janeiro<\/span>\u00a0e cidades do Nordeste. A previs\u00e3o \u00e9 de que at\u00e9\u00a0<span id=\"OBJ_PREFIX_DWT455_com_zimbra_date\">sexta<\/span>-feira (26) ele ainda participe de atos em Belo Horizonte e cidades de Pernambuco, do Rio Grande do Norte e da Bahia.<\/p>\n<p>Bolsonaro tem permanecido em casa, na Barra da Tijuca, no Rio de Janeiro, onde costuma receber correligion\u00e1rios e simpatizantes.\u00a0<span id=\"OBJ_PREFIX_DWT456_com_zimbra_date\">Ontem<\/span>\u00a0(23), parlamentares e prefeitos de v\u00e1rios partidos o visitaram para prestar solidariedade \u00e0s v\u00e9speras das elei\u00e7\u00f5es.<\/p>\n<p>No dia 26, o calend\u00e1rio eleitoral \u00e9 claro: \u00e9 o \u00faltimo para a veicula\u00e7\u00e3o de propaganda eleitoral gratuita. Por\u00e9m, at\u00e9\u00a0<span id=\"OBJ_PREFIX_DWT457_com_zimbra_date\">s\u00e1bado<\/span>\u00a0(27), v\u00e9spera das elei\u00e7\u00f5es, a legisla\u00e7\u00e3o permite propaganda \u201cmediante alto-falantes ou amplificadores de som\u201d, distribui\u00e7\u00e3o de material gr\u00e1fico e a promo\u00e7\u00e3o de caminhada, carreata, passeata e carro de som.<\/p>\n<p>No dia 28, \u00e9 o dia da vota\u00e7\u00e3o. Os eleitores devem se dirigir aos postos das 8h \u00e0s 17h. No caso do Distrito Federal e de 13 estados, os eleitores escolher\u00e3o o presidente da Rep\u00fablica e o governador. Apenas no Rio Grande do Norte, h\u00e1 uma candidata concorrendo \u00e0s elei\u00e7\u00f5es, que \u00e9 F\u00e1tima Bezerra (PT).<\/p>\n","protected":false},"excerpt":{"rendered":"<p>A quatro dias do segundo turno, os prazos do calend\u00e1rio eleitoral correm mais r\u00e1pidos. Amanh\u00e3&#8230;<\/p>\n","protected":false},"author":1,"featured_media":0,"comment_status":"closed","ping_status":"closed","sticky":false,"template":"","format":"standard","meta":{"footnotes":""},"categories":[101,19],"tags":[],"class_list":["post-24001","post","type-post","status-publish","format-standard","hentry","category-eleicoes","category-politica"],"_links":{"self":[{"href":"https:\/\/www.corumbaonline.com.br\/news\/wp-json\/wp\/v2\/posts\/24001","targetHints":{"allow":["GET"]}}],"collection":[{"href":"https:\/\/www.corumbaonline.com.br\/news\/wp-json\/wp\/v2\/posts"}],"about":[{"href":"https:\/\/www.corumbaonline.com.br\/news\/wp-json\/wp\/v2\/types\/post"}],"author":[{"embeddable":true,"href":"https:\/\/www.corumbaonline.com.br\/news\/wp-json\/wp\/v2\/users\/1"}],"replies":[{"embeddable":true,"href":"https:\/\/www.corumbaonline.com.br\/news\/wp-json\/wp\/v2\/comments?post=24001"}],"version-history":[{"count":1,"href":"https:\/\/www.corumbaonline.com.br\/news\/wp-json\/wp\/v2\/posts\/24001\/revisions"}],"predecessor-version":[{"id":24002,"href":"https:\/\/www.corumbaonline.com.br\/news\/wp-json\/wp\/v2\/posts\/24001\/revisions\/24002"}],"wp:attachment":[{"href":"https:\/\/www.corumbaonline.com.br\/news\/wp-json\/wp\/v2\/media?parent=24001"}],"wp:term":[{"taxonomy":"category","embeddable":true,"href":"https:\/\/www.corumbaonline.com.br\/news\/wp-json\/wp\/v2\/categories?post=24001"},{"taxonomy":"post_tag","embeddable":true,"href":"https:\/\/www.corumbaonline.com.br\/news\/wp-json\/wp\/v2\/tags?post=24001"}],"curies":[{"name":"wp","href":"https:\/\/api.w.org\/{rel}","templated":true}]}}