{"id":24003,"date":"2018-10-24T09:38:47","date_gmt":"2018-10-24T12:38:47","guid":{"rendered":"http:\/\/www.corumbaonline.com.br\/news\/?p=24003"},"modified":"2018-10-24T12:41:22","modified_gmt":"2018-10-24T15:41:22","slug":"defesa-aguarda-julgamento-de-recurso-em-habeas-corpus-para-liberdade-de-puccinelli-e-filho","status":"publish","type":"post","link":"https:\/\/www.corumbaonline.com.br\/news\/defesa-aguarda-julgamento-de-recurso-em-habeas-corpus-para-liberdade-de-puccinelli-e-filho\/","title":{"rendered":"Defesa aguarda julgamento de recurso em habeas corpus para liberdade de Puccinelli e filho"},"content":{"rendered":"<p>Advogado de defesa do ex-governador Andr\u00e9 Puccinelli (MDB), Ren\u00ea Siufi disse nesta quarta-feira (24) que aguarda a decis\u00e3o do 4\u00ba recurso impetrado no STJ (Superior Tribunal de Justi\u00e7a) para que o emedebista e o filho advogado sejam colocados em liberdade.<\/p>\n<p>Siufi esclareceu que n\u00e3o deve impetrar novo recurso, apesar da liminar que colocou em liberdade o advogado Jo\u00e3o Paulo Calves, preso no mesmo dia em decorr\u00eancia das mesmas acusa\u00e7\u00f5es. \u201cComo j\u00e1 estamos com este recurso em Bras\u00edlia, o advogado de l\u00e1 acompanha e at\u00e9 s\u00e1bado aguardamos uma decis\u00e3o\u201d, informou o advogado, que est\u00e1 em Santa Catarina no momento.<\/p>\n<p>\u201cPor conta disso, ainda n\u00e3o vamos impetrar novo recurso, apenas aguardar que o entendimento deste que j\u00e1 impetramos seja o mesmo\u201d, disse Siufi.<\/p>\n<p>O novo pedido de habeas corpus foi ajuizado pela defesa de Puccinelli no dia 28 de setembro. Relatora do pedido, a ministra Laurita Vaz negou liberdade no in\u00edcio de outubro.<\/p>\n<p>Apesar da decis\u00e3o da relatora, o julgamento do m\u00e9rito do habeas corpus ainda deve ser julgado pela 6\u00aa Turma, em data ainda a ser definida.<\/p>\n<p>O ex-governador j\u00e1 teve outros tr\u00eas pedidos de liberdade negados. O primeiro deles, em car\u00e1ter liminar, foi julgado pelo ministro Humberto Martins, durante o recesso do STJ, no dia 27 de julho.<\/p>\n<p>J\u00e1 o m\u00e9rito do habeas corpus, que tamb\u00e9m inclu\u00eda aos advogados Andr\u00e9 Puccinelli J\u00fanior, filho do ex-governador, e Jo\u00e3o Paulo Calves, ficou a cargo da ministra Maria Thereza Assis Moura. A defesa tamb\u00e9m j\u00e1 teve recurso negado no TRF3 (Tribunal Regional Federal da 3\u00aa Regi\u00e3o) e aguada julgamento de habeas corpus no STF (Supremo Tribunal Federal).<\/p>\n<p><strong>Pris\u00e3o<\/strong><\/p>\n<p>Andr\u00e9, seu filho e Jo\u00e3o Paulo Calves foram presos pela Pol\u00edcia Federal no dia 20 de julho, no \u00e2mbito da Opera\u00e7\u00e3o Papiros de Lama, desdobramento da Opera\u00e7\u00e3o Lama Asf\u00e1ltica, que apura suposta lavagem de dinheiro por meio do Instituto \u00cdcone, de propriedade de Jo\u00e3o Paulo Calves, apontado como \u2018laranja\u2019 de Puccinelli J\u00fanior.<\/p>\n<p>Puccinelli e o filho est\u00e3o presos no Centro de Triagem An\u00edsio de Lima, carceragem destinada a presos com ensino superior. Jo\u00e3o Paulo Calves est\u00e1 em cela especial no Pres\u00eddio Militar de Campo Grande, prerrogativa garantida por lei por ele ser advogado.<\/p>\n","protected":false},"excerpt":{"rendered":"<p>Advogado de defesa do ex-governador Andr\u00e9 Puccinelli (MDB), Ren\u00ea Siufi disse nesta quarta-feira (24) que&#8230;<\/p>\n","protected":false},"author":1,"featured_media":0,"comment_status":"closed","ping_status":"closed","sticky":false,"template":"","format":"standard","meta":{"footnotes":""},"categories":[19],"tags":[],"class_list":["post-24003","post","type-post","status-publish","format-standard","hentry","category-politica"],"_links":{"self":[{"href":"https:\/\/www.corumbaonline.com.br\/news\/wp-json\/wp\/v2\/posts\/24003","targetHints":{"allow":["GET"]}}],"collection":[{"href":"https:\/\/www.corumbaonline.com.br\/news\/wp-json\/wp\/v2\/posts"}],"about":[{"href":"https:\/\/www.corumbaonline.com.br\/news\/wp-json\/wp\/v2\/types\/post"}],"author":[{"embeddable":true,"href":"https:\/\/www.corumbaonline.com.br\/news\/wp-json\/wp\/v2\/users\/1"}],"replies":[{"embeddable":true,"href":"https:\/\/www.corumbaonline.com.br\/news\/wp-json\/wp\/v2\/comments?post=24003"}],"version-history":[{"count":1,"href":"https:\/\/www.corumbaonline.com.br\/news\/wp-json\/wp\/v2\/posts\/24003\/revisions"}],"predecessor-version":[{"id":24004,"href":"https:\/\/www.corumbaonline.com.br\/news\/wp-json\/wp\/v2\/posts\/24003\/revisions\/24004"}],"wp:attachment":[{"href":"https:\/\/www.corumbaonline.com.br\/news\/wp-json\/wp\/v2\/media?parent=24003"}],"wp:term":[{"taxonomy":"category","embeddable":true,"href":"https:\/\/www.corumbaonline.com.br\/news\/wp-json\/wp\/v2\/categories?post=24003"},{"taxonomy":"post_tag","embeddable":true,"href":"https:\/\/www.corumbaonline.com.br\/news\/wp-json\/wp\/v2\/tags?post=24003"}],"curies":[{"name":"wp","href":"https:\/\/api.w.org\/{rel}","templated":true}]}}