{"id":24008,"date":"2018-10-24T10:14:56","date_gmt":"2018-10-24T13:14:56","guid":{"rendered":"http:\/\/www.corumbaonline.com.br\/news\/?p=24008"},"modified":"2018-10-24T13:01:47","modified_gmt":"2018-10-24T16:01:47","slug":"apos-pedido-do-mpf-stj-arquiva-denuncia-contra-reinaldo-por-11-votos-a-0","status":"publish","type":"post","link":"https:\/\/www.corumbaonline.com.br\/news\/apos-pedido-do-mpf-stj-arquiva-denuncia-contra-reinaldo-por-11-votos-a-0\/","title":{"rendered":"Ap\u00f3s pedido do MPF, STJ arquiva den\u00fancia contra Reinaldo por 11 votos a 0"},"content":{"rendered":"<p>O STJ (Superior Tribunal de Justi\u00e7a) arquivou a den\u00fancia contra o governado Reinaldo Azambuja (PSDB) por supostamente fazer parte de um esquema de extors\u00e3o para cobran\u00e7a de propina em troca de benef\u00edcios fiscais no governo de Mato Grosso do Sul. A medida foi tomada, de forma un\u00e2nime pelos ministros do Tribunal, nesta quarta-feira (24), por 11 votos a zero.<\/p>\n<p>A decis\u00e3o foi motivada pelo pedido de arquivamento do vice-procurador-geral da Rep\u00fablica, Luciano Mariz Maia, que apontou a aus\u00eancia de \u201cind\u00edcios m\u00ednimos de crime\u201d relativos a participa\u00e7\u00e3o de Reinaldo no suposto esquema e a mudan\u00e7a na vers\u00e3o do autor da den\u00fancia, o empres\u00e1rio Jos\u00e9 Alberto Berger, dono do curtume Braz Pelli.<\/p>\n<p>Ap\u00f3s um ano de investiga\u00e7\u00f5es, Berger afirmou, em novo depoimento ao MPF, que foi v\u00edtima de um golpe arquitetado pelo corretor de gado\u00a0<a href=\"https:\/\/www.midiamax.com.br\/politica\/2017\/bo-registrado-por-polaco-implica-assessor-de-reinaldo-em-denuncia-de-propina\/\" target=\"_blank\" rel=\"noopener noreferrer\">Jos\u00e9 Ricardo Guitti Guimaro, o Polaco<\/a>.<\/p>\n<p>O empres\u00e1rio diz que suspeita disso porque, mesmo com o pagamento da propina, o curtume seguia sendo punido com\u00a0<a href=\"https:\/\/www.midiamax.com.br\/politica\/transparencia\/2018\/tjms-derruba-liminar-que-mantinha-isencao-fiscal-ao-curtume-braz-pelli\/\" target=\"_blank\" rel=\"noopener noreferrer\">multas pelo governo e teve os benef\u00edcios suspensos<\/a>. Ou seja, o dinheiro n\u00e3o estaria sendo encaminhado para o \u201calto escal\u00e3o\u201d da gest\u00e3o estadual como prometido por Polaco.<\/p>\n<p>Al\u00e9m disso, Berger informou que n\u00e3o tinha nenhuma testemunha das conversas travadas com ele e o governador Reinaldo, tampouco com o ent\u00e3o chefe da Casa Civil, S\u00e9rgio de Paula.<\/p>\n<h1>Hist\u00f3rico<\/h1>\n<p>Em maio de 2017, Berger divulgou grava\u00e7\u00e3o feita, em novembro do ano anterior, na qual registra Jos\u00e9 Ricardo Guitti Guimaro, o Polaco, recebendo propina em nome do ent\u00e3o chefe da Casa Civil, S\u00e9rgio de Paula. Polaco se apresentava como pessoa de confian\u00e7a do secret\u00e1rio e dizia trabalhar com o alto escal\u00e3o do governo.<\/p>\n<p>O empres\u00e1rio contou que tentava resolver o cancelamento de uma autoriza\u00e7\u00e3o para operar no Estado, quando teria sido \u2018extorquido\u2019 para conseguir resolver a pend\u00eancia burocr\u00e1tica da empresa. O empres\u00e1rio acusou De Paula de participar ativamente do suposto esquema e diz que chegou a pagar R$ 500 mil em dinheiro vivo para o grupo.<\/p>\n<p>Ao fazer a den\u00fancia ao Gaeco (Grupo de Atua\u00e7\u00e3o Especial de Repress\u00e3o ao Crime Organizado), Berger dizia ter \u201cplena convic\u00e7\u00e3o\u201d e \u201ccerteza absoluta\u201d de que o beneficiado pelo pagamento era o governador do Estado, principalmente porque a queixa foi registrada logo ap\u00f3s a divulga\u00e7\u00e3o da dela\u00e7\u00e3o premiada dos diretores do frigor\u00edfico JBS, que acusavam Reinaldo Azambuja de receber propina em troca de benef\u00edcios fiscais.<\/p>\n<p>Na \u00e9poca que estourou o esc\u00e2ndalo da Braz Pelli, S\u00e9rgio de Paula foi exonerado da Casa Civil como principal medida de reforma administrativa da gest\u00e3o estadual.\u00a0<a href=\"https:\/\/www.midiamax.com.br\/politica\/2017\/servidores-que-teriam-recebido-propina-formam-grupo-com-maiores-salarios-de-ms\/\" target=\"_blank\" rel=\"noopener noreferrer\">A den\u00fancia tamb\u00e9m envolvia servidores da Sefaz (Secretaria de Estado de Fazenda)<\/a>.<\/p>\n<p>Ao analisar o depoimento do empres\u00e1rio, feita ao Gaeco, o juiz Carlos Alberto Garcete, da 1\u00aa Vara do Tribunal do J\u00fari, encaminhou o processo para o STJ, pois Reinaldo tem foro privilegiado. O restante dos denunciados segue investigado em inqu\u00e9rito na primeira inst\u00e2ncia.<\/p>\n","protected":false},"excerpt":{"rendered":"<p>O STJ (Superior Tribunal de Justi\u00e7a) arquivou a den\u00fancia contra o governado Reinaldo Azambuja (PSDB)&#8230;<\/p>\n","protected":false},"author":1,"featured_media":0,"comment_status":"closed","ping_status":"closed","sticky":false,"template":"","format":"standard","meta":{"footnotes":""},"categories":[19],"tags":[],"class_list":["post-24008","post","type-post","status-publish","format-standard","hentry","category-politica"],"_links":{"self":[{"href":"https:\/\/www.corumbaonline.com.br\/news\/wp-json\/wp\/v2\/posts\/24008","targetHints":{"allow":["GET"]}}],"collection":[{"href":"https:\/\/www.corumbaonline.com.br\/news\/wp-json\/wp\/v2\/posts"}],"about":[{"href":"https:\/\/www.corumbaonline.com.br\/news\/wp-json\/wp\/v2\/types\/post"}],"author":[{"embeddable":true,"href":"https:\/\/www.corumbaonline.com.br\/news\/wp-json\/wp\/v2\/users\/1"}],"replies":[{"embeddable":true,"href":"https:\/\/www.corumbaonline.com.br\/news\/wp-json\/wp\/v2\/comments?post=24008"}],"version-history":[{"count":1,"href":"https:\/\/www.corumbaonline.com.br\/news\/wp-json\/wp\/v2\/posts\/24008\/revisions"}],"predecessor-version":[{"id":24009,"href":"https:\/\/www.corumbaonline.com.br\/news\/wp-json\/wp\/v2\/posts\/24008\/revisions\/24009"}],"wp:attachment":[{"href":"https:\/\/www.corumbaonline.com.br\/news\/wp-json\/wp\/v2\/media?parent=24008"}],"wp:term":[{"taxonomy":"category","embeddable":true,"href":"https:\/\/www.corumbaonline.com.br\/news\/wp-json\/wp\/v2\/categories?post=24008"},{"taxonomy":"post_tag","embeddable":true,"href":"https:\/\/www.corumbaonline.com.br\/news\/wp-json\/wp\/v2\/tags?post=24008"}],"curies":[{"name":"wp","href":"https:\/\/api.w.org\/{rel}","templated":true}]}}