{"id":24013,"date":"2018-10-24T10:40:14","date_gmt":"2018-10-24T13:40:14","guid":{"rendered":"http:\/\/www.corumbaonline.com.br\/news\/?p=24013"},"modified":"2018-10-24T13:33:53","modified_gmt":"2018-10-24T16:33:53","slug":"bolsonaro-diz-que-politicas-afirmativas-reforcam-coitadismo-no-pais","status":"publish","type":"post","link":"https:\/\/www.corumbaonline.com.br\/news\/bolsonaro-diz-que-politicas-afirmativas-reforcam-coitadismo-no-pais\/","title":{"rendered":"Bolsonaro diz que pol\u00edticas afirmativas refor\u00e7am \u201ccoitadismo\u201d no pa\u00eds"},"content":{"rendered":"<p>O candidato do PSL \u00e0 Presid\u00eancia da Rep\u00fablica, Jair Bolsonaro, reiterou que as pol\u00edticas afirmativas da forma como s\u00e3o aplicadas no pa\u00eds refor\u00e7am o preconceito. Para ele, \u00e9 necess\u00e1rio \u201cacabar com o coitadismo\u201d que, na sua avalia\u00e7\u00e3o, predomina entre homossexuais, negros, mulheres e nordestinos. Bolsonaro tamb\u00e9m defendeu a defini\u00e7\u00e3o de \u201ccota social\u201d a partir da renda das pessoas, n\u00e3o por outros crit\u00e9rios.<\/p>\n<p>\u201cTudo \u00e9 coitadismo. N\u00e3o pode ter pol\u00edtica para isso. Coitado do negro, do gay, das mulheres, do nordestino, do piauiense, tudo \u00e9 coitadismo no Brasil, isso n\u00e3o pode continuar acontecendo\u201d, disse. \u201cVoc\u00eas [do Piau\u00ed] s\u00e3o t\u00e3o iguais quanto n\u00f3s do Sul, Sudeste e Centro-Oeste.\u201d<\/p>\n<div class=\"dnd-widget-wrapper context-cheio_8colunas type-image\">\n<div class=\"dnd-atom-rendered\">\n<figure class=\"mejs-fotoh-wrapper\">\n<p><figure style=\"width: 754px\" class=\"wp-caption alignnone\"><img loading=\"lazy\" decoding=\"async\" class=\"img-responsive full full\" title=\"Fabio Rodrigues Pozzebom\/ Agencia Brasil\/Ag\u00eancia Brasil\" src=\"http:\/\/imagens.ebc.com.br\/VT7sd8nVB1Ru5ZfAxugO67KGaeU=\/754x0\/smart\/http:\/\/agenciabrasil.ebc.com.br\/sites\/default\/files\/atoms\/image\/1079840-fpzzb_abr_07.06.2017-3953.jpg?itok=FdPnl2qd\" alt=\"Bras\u00edlia - Jair Bolsonaro durante o Conselho de \u00c9tica da C\u00e2mara  que arquivou duas representa\u00e7\u00f5es contra seu filho, o deputado Eduardo Bolsonaro, por quebra do decoro (Fabio Rodrigues Pozzebom\/ Agencia Brasil)\" width=\"754\" height=\"503\" \/><figcaption class=\"wp-caption-text\">Bolsonaro diz que &#8220;coitadismo&#8221; exitente no pa\u00eds tem de acabar (Arquivo\/F\u00e1bio Pozzebom\/ Ag\u00eancia Brasil)<\/figcaption><\/figure><\/figure>\n<\/div>\n<\/div>\n<p>A afirma\u00e7\u00e3o ocorreu durante entrevista \u00e0 emissora Cidade Verde, retransmissora do SBT no Piau\u00ed, cuja \u00edntegra foi divulgada nas redes sociais do candidato do PSL \u00e0 Presid\u00eancia da Rep\u00fablica. \u201cQuero agradecer ao Nordeste. Das nove capitais, ganhamos em cinco no primeiro turno.\u201d<\/p>\n<h2>Cotas<\/h2>\n<p>Bolsonaro afirmou que \u00e9 importante transformar a pol\u00edticas de cotas, estabelecida hoje no pa\u00eds, em \u201ccota social\u201d, com base na renda. Sem detalhar a proposta, ele disse que da forma como ocorre atualmente h\u00e1 incentivo \u00e0 divis\u00e3o da sociedade. \u201cA pol\u00edtica de cotas no Brasil est\u00e1 completamente equivocada\u201d, disse. \u201cIsso tudo \u00e9 maneira de dividir. Somos todos iguais perante \u00e0 lei. Somos um povo debaixo de uma s\u00f3 bandeira, verde e amarela.\u201d<\/p>\n<p>Segundo o candidato, as diferen\u00e7as por orienta\u00e7\u00e3o sexual ou etnia n\u00e3o devem prevalecer na defini\u00e7\u00e3o das pol\u00edticas de cotas. \u201cQuem se dedicar pelo m\u00e9rito, logicamente ter\u00e1 vida mais tranquila do que aquele que n\u00e3o se dedicou no seu tempo de jovem.\u201d<\/p>\n<h2>Pol\u00edtica<\/h2>\n<p>Bolsonaro afirmou que n\u00e3o far\u00e1 distin\u00e7\u00e3o entre governadores que o apoiaram na campanha eleitoral e os que pertencem \u00e0 oposi\u00e7\u00e3o. Ele citou nominalmente os governadores eleitos, no primeiro turno, do Piau\u00ed, Wellington Dias (PT), e do Maranh\u00e3o, Fl\u00e1vio Dino (PCdoB). Segundo ele, sua gest\u00e3o vai adotar uma pol\u00edtica com os estados diferente da executada pelos \u00faltimos governos federais.<\/p>\n<p>\u201cMenos Bras\u00edlia, mais Brasil. Tudo que pudermos mandar de mais recursos para os estados e munic\u00edpios n\u00f3s vamos mandar. Vamos tratar todos os estados de forma republicana. Estamos prontos para conversar.\u201d<\/p>\n<p>O candidato voltou a dizer que, ap\u00f3s o\u00a0<a href=\"http:\/\/agenciabrasil.ebc.com.br\/geral\/noticia\/2018-09\/jair-bolsonaro-e-agredido-durante-campanha-em-juiz-de-fora\" target=\"_blank\" rel=\"noopener noreferrer\">ataque \u00e0 faca\u00a0<\/a>que sofreu em setembro, mudou o ritmo de campanha para preservar a pr\u00f3pria sa\u00fade. \u201cLogicamente, n\u00e3o posso mais fazer o que voc\u00eas viram no Brasil, de cair nos bra\u00e7os do povo, porque minha vida est\u00e1 em risco.\u201d<\/p>\n<h2>Fake news<\/h2>\n<p>Bolsonaro rebateu novamente que tenha liga\u00e7\u00e3o com as den\u00fancias sobre a exist\u00eancia de um grupo de empres\u00e1rios que financiaria um esquema de\u00a0<a href=\"http:\/\/agenciabrasil.ebc.com.br\/justica\/noticia\/2018-10\/pgr-pede-pf-investigacao-sobre-envio-de-mensagens-em-massa\" target=\"_blank\" rel=\"noopener noreferrer\">envio em massa de mensagens<\/a>\u00a0anti-PT na plataforma do WhatsApp. Segundo ele, foi uma \u201cmat\u00e9ria plantada\u201d e improcedente.<\/p>\n<p>\u201cN\u00e3o tenho contato algum com empres\u00e1rio, nunca pedi para fazerem isso. No meu Facebook, nunca impulsionamos nada. Voc\u00ea derrota o PT com verdades.\u201d<\/p>\n<p>O caso est\u00e1\u00a0<a href=\"http:\/\/agenciabrasil.ebc.com.br\/justica\/noticia\/2018-10\/ministro-do-tse-rejeita-diligencias-em-processo-contra-bolsonaro\" target=\"_blank\" rel=\"noopener noreferrer\">sob investiga\u00e7\u00e3o<\/a>\u00a0na Justi\u00e7a Eleitoral.<\/p>\n","protected":false},"excerpt":{"rendered":"<p>O candidato do PSL \u00e0 Presid\u00eancia da Rep\u00fablica, Jair Bolsonaro, reiterou que as pol\u00edticas afirmativas&#8230;<\/p>\n","protected":false},"author":1,"featured_media":0,"comment_status":"closed","ping_status":"closed","sticky":false,"template":"","format":"standard","meta":{"footnotes":""},"categories":[101,19],"tags":[],"class_list":["post-24013","post","type-post","status-publish","format-standard","hentry","category-eleicoes","category-politica"],"_links":{"self":[{"href":"https:\/\/www.corumbaonline.com.br\/news\/wp-json\/wp\/v2\/posts\/24013","targetHints":{"allow":["GET"]}}],"collection":[{"href":"https:\/\/www.corumbaonline.com.br\/news\/wp-json\/wp\/v2\/posts"}],"about":[{"href":"https:\/\/www.corumbaonline.com.br\/news\/wp-json\/wp\/v2\/types\/post"}],"author":[{"embeddable":true,"href":"https:\/\/www.corumbaonline.com.br\/news\/wp-json\/wp\/v2\/users\/1"}],"replies":[{"embeddable":true,"href":"https:\/\/www.corumbaonline.com.br\/news\/wp-json\/wp\/v2\/comments?post=24013"}],"version-history":[{"count":1,"href":"https:\/\/www.corumbaonline.com.br\/news\/wp-json\/wp\/v2\/posts\/24013\/revisions"}],"predecessor-version":[{"id":24014,"href":"https:\/\/www.corumbaonline.com.br\/news\/wp-json\/wp\/v2\/posts\/24013\/revisions\/24014"}],"wp:attachment":[{"href":"https:\/\/www.corumbaonline.com.br\/news\/wp-json\/wp\/v2\/media?parent=24013"}],"wp:term":[{"taxonomy":"category","embeddable":true,"href":"https:\/\/www.corumbaonline.com.br\/news\/wp-json\/wp\/v2\/categories?post=24013"},{"taxonomy":"post_tag","embeddable":true,"href":"https:\/\/www.corumbaonline.com.br\/news\/wp-json\/wp\/v2\/tags?post=24013"}],"curies":[{"name":"wp","href":"https:\/\/api.w.org\/{rel}","templated":true}]}}