{"id":24025,"date":"2018-10-24T11:42:21","date_gmt":"2018-10-24T14:42:21","guid":{"rendered":"http:\/\/www.corumbaonline.com.br\/news\/?p=24025"},"modified":"2018-10-24T13:58:21","modified_gmt":"2018-10-24T16:58:21","slug":"prefeitura-e-camara-homenageiam-guardas-municipais-com-mencoes-de-congratulacao","status":"publish","type":"post","link":"https:\/\/www.corumbaonline.com.br\/news\/prefeitura-e-camara-homenageiam-guardas-municipais-com-mencoes-de-congratulacao\/","title":{"rendered":"Prefeitura e C\u00e2mara homenageiam guardas municipais com Men\u00e7\u00f5es de Congratula\u00e7\u00e3o"},"content":{"rendered":"<p>Todos os guardas municipais de Corumb\u00e1 foram homenageados na noite dessa ter\u00e7a-feira, 23 e outubro, pela Prefeitura e a C\u00e2mara Municipal de Corumb\u00e1. A Mon\u00e7\u00e3o de Congratula\u00e7\u00e3o foi proposta pelo vereador Andr\u00e9 da Farm\u00e1cia e aprovada por unanimidade pelo Legislativo na sess\u00e3o do \u00faltimo dia 2.<\/p>\n<p>&nbsp;<\/p>\n<p>Durante o evento, o prefeito Marcelo Iunes destacou a import\u00e2ncia dos servidores para a conserva\u00e7\u00e3o dos bens p\u00fablicos e no fortalecimento da Seguran\u00e7a P\u00fablica na regi\u00e3o. O presidente da C\u00e2mara, Evander Vendramini, e o secret\u00e1rio especial de Seguran\u00e7a P\u00fablica e Defesa Pessoal, coronel C\u00e9sar Freitas Duarte, tamb\u00e9m participaram da solenidade.<\/p>\n<p>&nbsp;<\/p>\n<p>\u201cFoi uma forma de homenagearmos essa categoria pela Dia Municipal da Guarda, comemorado no \u00faltimo dia 10, e tamb\u00e9m pelos servi\u00e7os prestados para a comunidade. Fizemos quest\u00e3o de lembrar de todos os guardas municipais, inclusive dos que hoje j\u00e1 est\u00e3o na reserva\u201d, comentou o vereador Andr\u00e9 da Farm\u00e1cia, autor da proposta.<\/p>\n<p>&nbsp;<\/p>\n<p>Uma das mais antigas do Brasil, a Guarda Municipal de Corumb\u00e1 completa no pr\u00f3ximo dia 18 de dezembro, 29 anos de funda\u00e7\u00e3o. Criada em 18 de dezembro de 1989, a Guarda Municipal de Corumb\u00e1 \u00e9 uma organiza\u00e7\u00e3o civil que tem como miss\u00e3o legal a prote\u00e7\u00e3o dos bens, servi\u00e7os e instala\u00e7\u00f5es municipais.<\/p>\n<p>&nbsp;<\/p>\n<p>A institui\u00e7\u00e3o desenvolve regularmente no munic\u00edpio servi\u00e7os de seguran\u00e7a do patrim\u00f4nio p\u00fablico, como centros de sa\u00fade, escolas, pra\u00e7as, feiras livres, al\u00e9m do apoio aos diversos servi\u00e7os, incluindo as fiscaliza\u00e7\u00f5es e rondas motorizadas.<\/p>\n","protected":false},"excerpt":{"rendered":"<p>Todos os guardas municipais de Corumb\u00e1 foram homenageados na noite dessa ter\u00e7a-feira, 23 e outubro,&#8230;<\/p>\n","protected":false},"author":1,"featured_media":24026,"comment_status":"closed","ping_status":"closed","sticky":false,"template":"","format":"standard","meta":{"footnotes":""},"categories":[8,14],"tags":[],"class_list":["post-24025","post","type-post","status-publish","format-standard","has-post-thumbnail","hentry","category-destaque","category-geral"],"_links":{"self":[{"href":"https:\/\/www.corumbaonline.com.br\/news\/wp-json\/wp\/v2\/posts\/24025","targetHints":{"allow":["GET"]}}],"collection":[{"href":"https:\/\/www.corumbaonline.com.br\/news\/wp-json\/wp\/v2\/posts"}],"about":[{"href":"https:\/\/www.corumbaonline.com.br\/news\/wp-json\/wp\/v2\/types\/post"}],"author":[{"embeddable":true,"href":"https:\/\/www.corumbaonline.com.br\/news\/wp-json\/wp\/v2\/users\/1"}],"replies":[{"embeddable":true,"href":"https:\/\/www.corumbaonline.com.br\/news\/wp-json\/wp\/v2\/comments?post=24025"}],"version-history":[{"count":1,"href":"https:\/\/www.corumbaonline.com.br\/news\/wp-json\/wp\/v2\/posts\/24025\/revisions"}],"predecessor-version":[{"id":24027,"href":"https:\/\/www.corumbaonline.com.br\/news\/wp-json\/wp\/v2\/posts\/24025\/revisions\/24027"}],"wp:featuredmedia":[{"embeddable":true,"href":"https:\/\/www.corumbaonline.com.br\/news\/wp-json\/wp\/v2\/media\/24026"}],"wp:attachment":[{"href":"https:\/\/www.corumbaonline.com.br\/news\/wp-json\/wp\/v2\/media?parent=24025"}],"wp:term":[{"taxonomy":"category","embeddable":true,"href":"https:\/\/www.corumbaonline.com.br\/news\/wp-json\/wp\/v2\/categories?post=24025"},{"taxonomy":"post_tag","embeddable":true,"href":"https:\/\/www.corumbaonline.com.br\/news\/wp-json\/wp\/v2\/tags?post=24025"}],"curies":[{"name":"wp","href":"https:\/\/api.w.org\/{rel}","templated":true}]}}