{"id":24051,"date":"2018-10-25T08:05:48","date_gmt":"2018-10-25T11:05:48","guid":{"rendered":"http:\/\/www.corumbaonline.com.br\/news\/?p=24051"},"modified":"2018-10-25T09:35:03","modified_gmt":"2018-10-25T12:35:03","slug":"candidatos-tem-ate-hoje-para-reunioes-publicas-e-comicios","status":"publish","type":"post","link":"https:\/\/www.corumbaonline.com.br\/news\/candidatos-tem-ate-hoje-para-reunioes-publicas-e-comicios\/","title":{"rendered":"Candidatos t\u00eam at\u00e9 hoje para reuni\u00f5es p\u00fablicas e com\u00edcios"},"content":{"rendered":"<p>Os candidatos \u00e0 Presid\u00eancia da Rep\u00fablica e ao governo nos 13 estados e no Distrito Federal t\u00eam at\u00e9 hoje (25) para\u00a0<a href=\"http:\/\/agenciabrasil.ebc.com.br\/politica\/noticia\/2018-10\/4-dias-do-2o-turno-correm-prazos-para-propaganda-e-atos-politicos\" target=\"_blank\" rel=\"noopener noreferrer\">participa\u00e7\u00e3o em reuni\u00f5es p\u00fablicas<\/a>, com\u00edcios e uso de sonoriza\u00e7\u00e3o fixa entre as 8h e as 24h, com exce\u00e7\u00e3o do com\u00edcio de encerramento da campanha, que poder\u00e1 ser prorrogado por mais duas horas.<\/p>\n<div class=\"dnd-widget-wrapper context-cheio_8colunas type-image\">\n<div class=\"dnd-atom-rendered\">\n<figure class=\"mejs-fotoh-wrapper\">\n<p><figure style=\"width: 754px\" class=\"wp-caption alignnone\"><img loading=\"lazy\" decoding=\"async\" class=\"img-responsive full full\" title=\"Arquivo Agencia Brasil\/Ag\u00eancia Brasil\" src=\"http:\/\/imagens.ebc.com.br\/n8it4sVptchHtDnuAlu7uF1mirA=\/754x0\/smart\/http:\/\/agenciabrasil.ebc.com.br\/sites\/default\/files\/atoms\/image\/horario_eleitoral1.jpg?itok=gfwP2m_C\" alt=\"Programa de propaganda eleitoral gratuito\" width=\"754\" height=\"497\" \/><figcaption class=\"wp-caption-text\">Programa de propaganda eleitoral gratuita (Arquivo Agencia Brasil)<\/figcaption><\/figure><\/figure>\n<\/div>\n<\/div>\n<p>Amanh\u00e3 (26) acaba o prazo para veicula\u00e7\u00e3o de propaganda eleitoral gratuita em emissoras de r\u00e1dio e televis\u00e3o. No\u00a0s\u00e1bado\u00a0(27), v\u00e9spera das elei\u00e7\u00f5es, a\u00a0<a href=\"http:\/\/www.tse.jus.br\/eleicoes\/calendario-eleitoral\" target=\"_blank\" rel=\"noopener noreferrer\">legisla\u00e7\u00e3o <\/a>permite propaganda \u201cmediante alto-falantes ou amplificadores de som\u201d, distribui\u00e7\u00e3o de material gr\u00e1fico e a promo\u00e7\u00e3o de caminhada, carreata, passeata e carro de som.<\/p>\n<p>No dia 28, \u00e9 o dia da vota\u00e7\u00e3o. Os eleitores devem se dirigir aos postos das 8h \u00e0s 17h. No caso do Distrito Federal e dos estados nos quais haver\u00e1 segundo turno, os eleitores escolher\u00e3o o presidente da Rep\u00fablica e o governador.<\/p>\n","protected":false},"excerpt":{"rendered":"<p>Os candidatos \u00e0 Presid\u00eancia da Rep\u00fablica e ao governo nos 13 estados e no Distrito&#8230;<\/p>\n","protected":false},"author":1,"featured_media":0,"comment_status":"closed","ping_status":"closed","sticky":false,"template":"","format":"standard","meta":{"footnotes":""},"categories":[101,19],"tags":[],"class_list":["post-24051","post","type-post","status-publish","format-standard","hentry","category-eleicoes","category-politica"],"_links":{"self":[{"href":"https:\/\/www.corumbaonline.com.br\/news\/wp-json\/wp\/v2\/posts\/24051","targetHints":{"allow":["GET"]}}],"collection":[{"href":"https:\/\/www.corumbaonline.com.br\/news\/wp-json\/wp\/v2\/posts"}],"about":[{"href":"https:\/\/www.corumbaonline.com.br\/news\/wp-json\/wp\/v2\/types\/post"}],"author":[{"embeddable":true,"href":"https:\/\/www.corumbaonline.com.br\/news\/wp-json\/wp\/v2\/users\/1"}],"replies":[{"embeddable":true,"href":"https:\/\/www.corumbaonline.com.br\/news\/wp-json\/wp\/v2\/comments?post=24051"}],"version-history":[{"count":1,"href":"https:\/\/www.corumbaonline.com.br\/news\/wp-json\/wp\/v2\/posts\/24051\/revisions"}],"predecessor-version":[{"id":24052,"href":"https:\/\/www.corumbaonline.com.br\/news\/wp-json\/wp\/v2\/posts\/24051\/revisions\/24052"}],"wp:attachment":[{"href":"https:\/\/www.corumbaonline.com.br\/news\/wp-json\/wp\/v2\/media?parent=24051"}],"wp:term":[{"taxonomy":"category","embeddable":true,"href":"https:\/\/www.corumbaonline.com.br\/news\/wp-json\/wp\/v2\/categories?post=24051"},{"taxonomy":"post_tag","embeddable":true,"href":"https:\/\/www.corumbaonline.com.br\/news\/wp-json\/wp\/v2\/tags?post=24051"}],"curies":[{"name":"wp","href":"https:\/\/api.w.org\/{rel}","templated":true}]}}