{"id":24061,"date":"2018-10-25T09:05:45","date_gmt":"2018-10-25T12:05:45","guid":{"rendered":"http:\/\/www.corumbaonline.com.br\/news\/?p=24061"},"modified":"2018-10-25T12:40:50","modified_gmt":"2018-10-25T15:40:50","slug":"mp-militar-diz-que-nao-pode-investigar-ataques-a-ministros-do-supremo","status":"publish","type":"post","link":"https:\/\/www.corumbaonline.com.br\/news\/mp-militar-diz-que-nao-pode-investigar-ataques-a-ministros-do-supremo\/","title":{"rendered":"MP Militar diz que n\u00e3o pode investigar ataques a ministros do Supremo"},"content":{"rendered":"<p>O Minist\u00e9rio P\u00fablico Militar (MPM) informou ontem (24) que n\u00e3o t\u00eam compet\u00eancia para analisar as declara\u00e7\u00f5es do coronel da reserva do Ex\u00e9rcito Ant\u00f4nio Carlos Alves Correia contra ministros do Supremo Tribunal Federal (STF). Segundo o \u00f3rg\u00e3o, a conduta n\u00e3o se trata de crime militar e o caso deve ser apurado pelo Minist\u00e9rio P\u00fablico Federal (MPF), que atua junto \u00e0 Justi\u00e7a comum.<\/p>\n<p>Em um v\u00eddeo divulgado na noite de segunda-feira (22), Correia faz ofensas e amea\u00e7as \u00e0 presidente do Tribunal Superior Eleitoral (TSE), ministra Rosa Weber, al\u00e9m de outros ministros do STF.<\/p>\n<p>Na grava\u00e7\u00e3o, o coronel da reserva chama Rosa Weber de &#8220;salafr\u00e1ria e corrupta\u201d, ao se referir ao dia em que ela recebeu integrantes do PT\u00a0que pediram\u00a0a aplica\u00e7\u00e3o de medidas cautelares urgentes para investigar not\u00edcias de que empresas que apoiam o presidenci\u00e1vel do PSL, Jair Bolsonaro, estariam pagando por servi\u00e7os de disparos de mensagens em massa contra o opositor Fernando Haddad, via WhatsApp.<\/p>\n<h2>Ex\u00e9rcito se posiciona<\/h2>\n<p>Nesta ter\u00e7a (23), o Ex\u00e9rcito informou que as declara\u00e7\u00f5es do coronel n\u00e3o representam o pensamento da corpora\u00e7\u00e3o e que a corpora\u00e7\u00e3o\u00a0<a href=\"http:\/\/agenciabrasil.ebc.com.br\/politica\/noticia\/2018-10\/exercito-pede-investigacao-sobre-coronel-que-ameacou-tse-na-internet\" target=\"_blank\" rel=\"noopener noreferrer\">encaminhou uma representa\u00e7\u00e3o<\/a>\u00a0ao MPM solicitando que fosse investigado o cometimento de poss\u00edvel ilegalidade.<\/p>\n<p>O MPM tamb\u00e9m informou que, em julho deste ano, o \u00f3rg\u00e3o instaurou procedimento para apurar outras declara\u00e7\u00f5es do coronel reformado sobre outras autoridades, mas o procedimento foi encaminhado ao MPF.<\/p>\n<p>Ontem, a Segunda Turma do STF\u00a0<a href=\"http:\/\/agenciabrasil.ebc.com.br\/justica\/noticia\/2018-10\/stf-manda-pgr-investigar-usuario-que-criticou-ministros-na-internet\" target=\"_blank\" rel=\"noopener noreferrer\">tamb\u00e9m decidiu<\/a>\u00a0mandar para a Procuradoria-Geral da Rep\u00fablica (PGR) pedido de investiga\u00e7\u00e3o contra Alves.\u00a0 A medida foi tomada ap\u00f3s os integrantes do colegiado rebaterem o v\u00eddeo, divulgado no Youtube.<\/p>\n","protected":false},"excerpt":{"rendered":"<p>O Minist\u00e9rio P\u00fablico Militar (MPM) informou ontem (24) que n\u00e3o t\u00eam compet\u00eancia para analisar as&#8230;<\/p>\n","protected":false},"author":1,"featured_media":0,"comment_status":"closed","ping_status":"closed","sticky":false,"template":"","format":"standard","meta":{"footnotes":""},"categories":[101,19],"tags":[],"class_list":["post-24061","post","type-post","status-publish","format-standard","hentry","category-eleicoes","category-politica"],"_links":{"self":[{"href":"https:\/\/www.corumbaonline.com.br\/news\/wp-json\/wp\/v2\/posts\/24061","targetHints":{"allow":["GET"]}}],"collection":[{"href":"https:\/\/www.corumbaonline.com.br\/news\/wp-json\/wp\/v2\/posts"}],"about":[{"href":"https:\/\/www.corumbaonline.com.br\/news\/wp-json\/wp\/v2\/types\/post"}],"author":[{"embeddable":true,"href":"https:\/\/www.corumbaonline.com.br\/news\/wp-json\/wp\/v2\/users\/1"}],"replies":[{"embeddable":true,"href":"https:\/\/www.corumbaonline.com.br\/news\/wp-json\/wp\/v2\/comments?post=24061"}],"version-history":[{"count":1,"href":"https:\/\/www.corumbaonline.com.br\/news\/wp-json\/wp\/v2\/posts\/24061\/revisions"}],"predecessor-version":[{"id":24062,"href":"https:\/\/www.corumbaonline.com.br\/news\/wp-json\/wp\/v2\/posts\/24061\/revisions\/24062"}],"wp:attachment":[{"href":"https:\/\/www.corumbaonline.com.br\/news\/wp-json\/wp\/v2\/media?parent=24061"}],"wp:term":[{"taxonomy":"category","embeddable":true,"href":"https:\/\/www.corumbaonline.com.br\/news\/wp-json\/wp\/v2\/categories?post=24061"},{"taxonomy":"post_tag","embeddable":true,"href":"https:\/\/www.corumbaonline.com.br\/news\/wp-json\/wp\/v2\/tags?post=24061"}],"curies":[{"name":"wp","href":"https:\/\/api.w.org\/{rel}","templated":true}]}}