{"id":24063,"date":"2018-10-25T09:17:03","date_gmt":"2018-10-25T12:17:03","guid":{"rendered":"http:\/\/www.corumbaonline.com.br\/news\/?p=24063"},"modified":"2018-10-25T12:42:46","modified_gmt":"2018-10-25T15:42:46","slug":"campeonato-estadual-feminino-fesmax-acontece-novembro-em-corumba","status":"publish","type":"post","link":"https:\/\/www.corumbaonline.com.br\/news\/campeonato-estadual-feminino-fesmax-acontece-novembro-em-corumba\/","title":{"rendered":"Campeonato Estadual Feminino Fesmax acontece novembro em Corumb\u00e1"},"content":{"rendered":"<p>A cidade de Corumb\u00e1 vai sediar o Campeonato Estadual Fesmax Feminino de Xadrez que ser\u00e1 no dia 24 de novembro, com objetivo de estimular mais meninas a praticarem o xadrez na Regi\u00e3o do Pantanal e em todo MS.<\/p>\n<p>&nbsp;<\/p>\n<p>Com promo\u00e7\u00e3o e realiza\u00e7\u00e3o da Federa\u00e7\u00e3o de Xadrez do MS \u2013 Fesmax, e conta com parceria do Conselho da Comunidade, da Prefeitura Municipal de Corumb\u00e1 por interm\u00e9dio da Funda\u00e7\u00e3o de Esportes de Corumb\u00e1 \u2013 Funec.<\/p>\n<p>&nbsp;<\/p>\n<p>Participar\u00e3o as reeducandas do Estabelecimento Penal Feminino de Corumb\u00e1 do Projeto \u201cXadrez que Liberta\u201d idealizado pelo Dr. Juiz Criminal Andr\u00e9 Monteiro, com objetivo de ressocializa\u00e7\u00e3o.<\/p>\n<p>&nbsp;<\/p>\n<p>A parceria entre Conselho da Comunidade atrav\u00e9s do seu presidente Alex da Silva Cristaldo e Funda\u00e7\u00e3o de Esportes de Corumb\u00e1 \u2013 Funec atrav\u00e9s do seu presidente Silvino Rodrigues Ribeiro, foi muito importante e decisivo para trazer este evento para nossa regi\u00e3o.<\/p>\n<p>&nbsp;<\/p>\n<p>Tamb\u00e9m v\u00e3o participar por Corumb\u00e1, alunas da E.M. Sede Delc\u00eddio do Amaral e Extens\u00e3o da professora Vit\u00f3ria R\u00e9gia Kassar, e alunas de v\u00e1rias escolas.<\/p>\n<p>&nbsp;<\/p>\n<p>O evento ser\u00e1 aberto a todas as mulheres do MS na categoria geral, e tamb\u00e9m ser\u00e3o premiadas as categorias de base. A taxa de inscri\u00e7\u00e3o \u00e9 de R$ 40,00. A premia\u00e7\u00e3o ser\u00e1 trof\u00e9us para o 1\u00ba , 2\u00ba e 3\u00ba lugares, e medalhas para as categorias de base.<\/p>\n<p>&nbsp;<\/p>\n<p>A dire\u00e7\u00e3o e arbitragem est\u00e1 a cargo do AF Angelo Mendon\u00e7a presidente da Federa\u00e7\u00e3o de Xadrez do MS \u2013 Fesmax. Maiores informa\u00e7\u00f5es com Augusto Samaniego, vice-presidente Fesmax da Regi\u00e3o do Pantanal (67) 99608-0804.<\/p>\n","protected":false},"excerpt":{"rendered":"<p>A cidade de Corumb\u00e1 vai sediar o Campeonato Estadual Fesmax Feminino de Xadrez que ser\u00e1&#8230;<\/p>\n","protected":false},"author":1,"featured_media":0,"comment_status":"closed","ping_status":"closed","sticky":false,"template":"","format":"standard","meta":{"footnotes":""},"categories":[11],"tags":[],"class_list":["post-24063","post","type-post","status-publish","format-standard","hentry","category-esporte"],"_links":{"self":[{"href":"https:\/\/www.corumbaonline.com.br\/news\/wp-json\/wp\/v2\/posts\/24063","targetHints":{"allow":["GET"]}}],"collection":[{"href":"https:\/\/www.corumbaonline.com.br\/news\/wp-json\/wp\/v2\/posts"}],"about":[{"href":"https:\/\/www.corumbaonline.com.br\/news\/wp-json\/wp\/v2\/types\/post"}],"author":[{"embeddable":true,"href":"https:\/\/www.corumbaonline.com.br\/news\/wp-json\/wp\/v2\/users\/1"}],"replies":[{"embeddable":true,"href":"https:\/\/www.corumbaonline.com.br\/news\/wp-json\/wp\/v2\/comments?post=24063"}],"version-history":[{"count":1,"href":"https:\/\/www.corumbaonline.com.br\/news\/wp-json\/wp\/v2\/posts\/24063\/revisions"}],"predecessor-version":[{"id":24064,"href":"https:\/\/www.corumbaonline.com.br\/news\/wp-json\/wp\/v2\/posts\/24063\/revisions\/24064"}],"wp:attachment":[{"href":"https:\/\/www.corumbaonline.com.br\/news\/wp-json\/wp\/v2\/media?parent=24063"}],"wp:term":[{"taxonomy":"category","embeddable":true,"href":"https:\/\/www.corumbaonline.com.br\/news\/wp-json\/wp\/v2\/categories?post=24063"},{"taxonomy":"post_tag","embeddable":true,"href":"https:\/\/www.corumbaonline.com.br\/news\/wp-json\/wp\/v2\/tags?post=24063"}],"curies":[{"name":"wp","href":"https:\/\/api.w.org\/{rel}","templated":true}]}}