{"id":24065,"date":"2018-10-25T09:33:09","date_gmt":"2018-10-25T12:33:09","guid":{"rendered":"http:\/\/www.corumbaonline.com.br\/news\/?p=24065"},"modified":"2018-10-25T12:44:04","modified_gmt":"2018-10-25T15:44:04","slug":"corregedor-pede-que-ministro-do-tst-explique-encontro-com-bolsonaro","status":"publish","type":"post","link":"https:\/\/www.corumbaonline.com.br\/news\/corregedor-pede-que-ministro-do-tst-explique-encontro-com-bolsonaro\/","title":{"rendered":"Corregedor pede que ministro do TST explique encontro com Bolsonaro"},"content":{"rendered":"<p>O corregedor nacional de Justi\u00e7a, ministro Humberto Martins, cobrou explica\u00e7\u00f5es do ministro Ives Gandra da Silva Martins Filho, do Tribunal Superior do Trabalho (TST), para que informe sobre seu\u00a0<a href=\"http:\/\/agenciabrasil.ebc.com.br\/politica\/noticia\/2018-10\/violencia-no-brasil-ja-passou-da-linha-do-absurdo-afirma-bolsonaro\" target=\"_blank\" rel=\"noopener noreferrer\">encontro com o candidato<\/a>\u00a0do PSL \u00e0 Presid\u00eancia, Jair Bolsonaro, no \u00faltimo dia 22. Foi instaurado um of\u00edcio de pedido de provid\u00eancias.<\/p>\n<div class=\"dnd-widget-wrapper context-cheio_8colunas type-image\">\n<div class=\"dnd-atom-rendered\">\n<figure class=\"mejs-fotoh-wrapper\">\n<p><figure style=\"width: 754px\" class=\"wp-caption alignnone\"><img loading=\"lazy\" decoding=\"async\" class=\"img-responsive full full\" title=\"Jos\u00e9 Cruz\/Ag\u00eancia Brasil\/Ag\u00eancia Brasil\" src=\"http:\/\/imagens.ebc.com.br\/rxw4tL2gE6o3AcRqGnYkGY0i2UI=\/754x0\/smart\/http:\/\/agenciabrasil.ebc.com.br\/sites\/default\/files\/thumbnails\/image\/jfcrz_abr_0810186100.jpg?itok=pDFasIfR\" alt=\"O vice-presidente do Superior Tribunal de Justi\u00e7a (STJ), ministro Humberto Martins e corregedor nacional de Justi\u00e7a,  participa do  workshop sobre repercuss\u00e3o geral\" width=\"754\" height=\"503\" \/><figcaption class=\"wp-caption-text\">O corregedor nacional de Justi\u00e7a, ministro Humberto Martins (Jos\u00e9 Cruz\/Arquivo Ag\u00eancia Brasil)<\/figcaption><\/figure><\/figure>\n<\/div>\n<\/div>\n<p>O ministro do TST\u00a0ter\u00e1 15 dias para apresentar as informa\u00e7\u00f5es.<\/p>\n<p>Na decis\u00e3o, o corregedor observa que o encontro pode ir contra a conduta vedada a magistrados (CF\/1988, artigo 95, par\u00e1grafo \u00fanico, III; LOMAN, artigo 36, III e\u00a0Provimento 71\/2018 da Corregedoria Nacional de Justi\u00e7a).<\/p>\n<p>Um dos artigos prev\u00ea que a liberdade de express\u00e3o, como direito fundamental, n\u00e3o pode ser utilizada pela magistratura para o exerc\u00edcio de atividade pol\u00edtico-partid\u00e1ria.<\/p>\n","protected":false},"excerpt":{"rendered":"<p>O corregedor nacional de Justi\u00e7a, ministro Humberto Martins, cobrou explica\u00e7\u00f5es do ministro Ives Gandra da&#8230;<\/p>\n","protected":false},"author":1,"featured_media":0,"comment_status":"closed","ping_status":"closed","sticky":false,"template":"","format":"standard","meta":{"footnotes":""},"categories":[14],"tags":[],"class_list":["post-24065","post","type-post","status-publish","format-standard","hentry","category-geral"],"_links":{"self":[{"href":"https:\/\/www.corumbaonline.com.br\/news\/wp-json\/wp\/v2\/posts\/24065","targetHints":{"allow":["GET"]}}],"collection":[{"href":"https:\/\/www.corumbaonline.com.br\/news\/wp-json\/wp\/v2\/posts"}],"about":[{"href":"https:\/\/www.corumbaonline.com.br\/news\/wp-json\/wp\/v2\/types\/post"}],"author":[{"embeddable":true,"href":"https:\/\/www.corumbaonline.com.br\/news\/wp-json\/wp\/v2\/users\/1"}],"replies":[{"embeddable":true,"href":"https:\/\/www.corumbaonline.com.br\/news\/wp-json\/wp\/v2\/comments?post=24065"}],"version-history":[{"count":1,"href":"https:\/\/www.corumbaonline.com.br\/news\/wp-json\/wp\/v2\/posts\/24065\/revisions"}],"predecessor-version":[{"id":24066,"href":"https:\/\/www.corumbaonline.com.br\/news\/wp-json\/wp\/v2\/posts\/24065\/revisions\/24066"}],"wp:attachment":[{"href":"https:\/\/www.corumbaonline.com.br\/news\/wp-json\/wp\/v2\/media?parent=24065"}],"wp:term":[{"taxonomy":"category","embeddable":true,"href":"https:\/\/www.corumbaonline.com.br\/news\/wp-json\/wp\/v2\/categories?post=24065"},{"taxonomy":"post_tag","embeddable":true,"href":"https:\/\/www.corumbaonline.com.br\/news\/wp-json\/wp\/v2\/tags?post=24065"}],"curies":[{"name":"wp","href":"https:\/\/api.w.org\/{rel}","templated":true}]}}