{"id":24087,"date":"2018-10-25T11:48:08","date_gmt":"2018-10-25T14:48:08","guid":{"rendered":"http:\/\/www.corumbaonline.com.br\/news\/?p=24087"},"modified":"2018-10-25T13:20:12","modified_gmt":"2018-10-25T16:20:12","slug":"saude-capacita-servidores-sobre-diagnostico-precoce-da-sifilis","status":"publish","type":"post","link":"https:\/\/www.corumbaonline.com.br\/news\/saude-capacita-servidores-sobre-diagnostico-precoce-da-sifilis\/","title":{"rendered":"Sa\u00fade capacita servidores sobre diagn\u00f3stico precoce da s\u00edfilis"},"content":{"rendered":"<p>Servidores da Secretaria Municipal de Sa\u00fade foram capacitados sobre diagn\u00f3stico precoce da S\u00edfilis na rede municipal de sa\u00fade. A capacita\u00e7\u00e3o foi ministrada pelo m\u00e9dico infectologista, Hilton Lu\u00eds Alves Filho, que atua no Centro de Sa\u00fade Jo\u00e3o de Brito e da Santa Casa de Corumb\u00e1.<\/p>\n<p>&nbsp;<\/p>\n<p>\u201cA s\u00edfilis \u00e9 uma doen\u00e7a que tem aumentado muito seu \u00edndice no Brasil. Essa capacita\u00e7\u00e3o \u00e9 para que os servidores da sa\u00fade para que possam fazer o diagn\u00f3stico precoce e a promover orienta\u00e7\u00e3o e preven\u00e7\u00e3o a essa doen\u00e7a e assim possam dar o melhor direcionamento a nossa popula\u00e7\u00e3o\u201d, disse o secret\u00e1rio Municipal de Sa\u00fade, Rog\u00e9rio dos Santos Leite.<\/p>\n<p>&nbsp;<\/p>\n<p>Respons\u00e1vel pela capacita\u00e7\u00e3o, o m\u00e9dico infectologista explicou que em Corumb\u00e1 \u201co tratamento est\u00e1 dispon\u00edvel em todas as unidades b\u00e1sicas se sa\u00fade da fam\u00edlia. Tamb\u00e9m temos o Centro de Triagem e Aconselhamento (CTA), que funciona junto ao atendimento especializado no Centro de Sa\u00fade Jo\u00e3o de Brito\u201d, disse informando tamb\u00e9m que o Munic\u00edpio realiza a testagem r\u00e1pida em toda rede, bem como o tratamento. \u201cA s\u00edfilis tem tratamento e cura\u201d, completou o m\u00e9dico.<\/p>\n<p>&nbsp;<\/p>\n<p><strong>A s\u00edfilis<\/strong><\/p>\n<p>&nbsp;<\/p>\n<p>A s\u00edfilis \u00e9 uma Infec\u00e7\u00e3o Sexualmente Transmiss\u00edvel (IST) cur\u00e1vel e exclusiva do ser humano, causada pela bact\u00e9ria Treponema pallidum. Pode apresentar v\u00e1rias manifesta\u00e7\u00f5es cl\u00ednicas e diferentes est\u00e1gios (s\u00edfilis prim\u00e1ria, secund\u00e1ria, latente e terci\u00e1ria). Nos est\u00e1gios prim\u00e1rio e secund\u00e1rio da infec\u00e7\u00e3o, a possibilidade de transmiss\u00e3o \u00e9 maior. A s\u00edfilis pode ser transmitida por rela\u00e7\u00e3o sexual sem camisinha com uma pessoa infectada, ou para a crian\u00e7a durante a gesta\u00e7\u00e3o ou parto.<\/p>\n<p>&nbsp;<\/p>\n<p>O uso correto e regular da camisinha feminina ou masculina \u00e9 uma medida importante de preven\u00e7\u00e3o da s\u00edfilis. O acompanhamento das gestantes e parcerias sexuais durante o pr\u00e9-natal de qualidade contribui para o controle da s\u00edfilis cong\u00eanita.Capacita\u00e7\u00e3o foi ministrada pelo m\u00e9dico infectologista, Hilton Lu\u00eds Alves Filho (Foto: Gisele Ribeiro\/PMC)<\/p>\n","protected":false},"excerpt":{"rendered":"<p>Servidores da Secretaria Municipal de Sa\u00fade foram capacitados sobre diagn\u00f3stico precoce da S\u00edfilis na rede&#8230;<\/p>\n","protected":false},"author":1,"featured_media":24088,"comment_status":"closed","ping_status":"closed","sticky":false,"template":"","format":"standard","meta":{"footnotes":""},"categories":[8,21],"tags":[],"class_list":["post-24087","post","type-post","status-publish","format-standard","has-post-thumbnail","hentry","category-destaque","category-saude"],"_links":{"self":[{"href":"https:\/\/www.corumbaonline.com.br\/news\/wp-json\/wp\/v2\/posts\/24087","targetHints":{"allow":["GET"]}}],"collection":[{"href":"https:\/\/www.corumbaonline.com.br\/news\/wp-json\/wp\/v2\/posts"}],"about":[{"href":"https:\/\/www.corumbaonline.com.br\/news\/wp-json\/wp\/v2\/types\/post"}],"author":[{"embeddable":true,"href":"https:\/\/www.corumbaonline.com.br\/news\/wp-json\/wp\/v2\/users\/1"}],"replies":[{"embeddable":true,"href":"https:\/\/www.corumbaonline.com.br\/news\/wp-json\/wp\/v2\/comments?post=24087"}],"version-history":[{"count":1,"href":"https:\/\/www.corumbaonline.com.br\/news\/wp-json\/wp\/v2\/posts\/24087\/revisions"}],"predecessor-version":[{"id":24089,"href":"https:\/\/www.corumbaonline.com.br\/news\/wp-json\/wp\/v2\/posts\/24087\/revisions\/24089"}],"wp:featuredmedia":[{"embeddable":true,"href":"https:\/\/www.corumbaonline.com.br\/news\/wp-json\/wp\/v2\/media\/24088"}],"wp:attachment":[{"href":"https:\/\/www.corumbaonline.com.br\/news\/wp-json\/wp\/v2\/media?parent=24087"}],"wp:term":[{"taxonomy":"category","embeddable":true,"href":"https:\/\/www.corumbaonline.com.br\/news\/wp-json\/wp\/v2\/categories?post=24087"},{"taxonomy":"post_tag","embeddable":true,"href":"https:\/\/www.corumbaonline.com.br\/news\/wp-json\/wp\/v2\/tags?post=24087"}],"curies":[{"name":"wp","href":"https:\/\/api.w.org\/{rel}","templated":true}]}}