{"id":24118,"date":"2018-10-26T09:16:57","date_gmt":"2018-10-26T14:16:57","guid":{"rendered":"http:\/\/www.corumbaonline.com.br\/news\/?p=24118"},"modified":"2018-10-26T08:47:49","modified_gmt":"2018-10-26T13:47:49","slug":"congresso-em-corumba-discute-as-diversas-formas-de-violencia-relacionadas-ao-trabalho","status":"publish","type":"post","link":"https:\/\/www.corumbaonline.com.br\/news\/congresso-em-corumba-discute-as-diversas-formas-de-violencia-relacionadas-ao-trabalho\/","title":{"rendered":"Congresso em Corumb\u00e1 discute as diversas formas de viol\u00eancia relacionadas ao trabalho"},"content":{"rendered":"<p>O Congresso Sul-Mato-Grossense sobre Viol\u00eancias no Trabalho &#8211; Enfrentamento e Supera\u00e7\u00e3o ser\u00e1 realizado em Corumb\u00e1, nos dias 12 e 13 de novembro. Palestras, minicursos, exposi\u00e7\u00e3o de trabalhos e lan\u00e7amento de livros fazem parte do evento que reunir\u00e1 especialistas de todo o pa\u00eds na cidade branca.<\/p>\n<p class=\"x_MsoNormal\">Com o objetivo de discutir as diversas formas de viol\u00eancia relacionadas ao mundo do trabalho e as possibilidades de atua\u00e7\u00e3o em diferentes frentes e \u00e1reas, o evento abordar\u00e1 cientificamente quest\u00f5es relacionadas ao ass\u00e9dio moral, ass\u00e9dio sexual, discrimina\u00e7\u00f5es de g\u00eanero, viol\u00eancia organizacional, trabalho infantil e trabalho escravo. O objetivo \u00e9 multiplicar o conhecimento e intensificar a atua\u00e7\u00e3o de profissionais em defesa da sa\u00fade e dos direitos humanos e sociais.<\/p>\n<p class=\"x_MsoNormal\">A abertura do congresso est\u00e1 prevista para segunda-feira (12), \u00e0s 18h30, com uma apresenta\u00e7\u00e3o cultural. Em seguida ter\u00e1 a confer\u00eancia &#8220;Ass\u00e9dio moral no trabalho&#8221; com o Prof. Dr. Jos\u00e9 Roberto Montes Heloani da Unicamp.<\/p>\n<p class=\"x_MsoNormal\">Na ter\u00e7a-feira (13) a programa\u00e7\u00e3o ter\u00e1 in\u00edcio \u00e0s 8h com a mesa-redonda &#8220;Acidentes de trabalho&#8221; com as discuss\u00f5es entre a Prof. Dra. Liliana Andolpho Magalh\u00e3es Guimar\u00e3es (UCDB) e o Desembargador do Trabalho Francisco das C. Lima Filho (TRT\/MS) e media\u00e7\u00e3o do Juiz do Trabalho M\u00e1rcio Alexandre da Silva (TRT\/MS).<\/p>\n<p class=\"x_MsoNormal\">Haver\u00e1 ainda a mesa-redonda &#8220;Trabalho infantil&#8221; com a Dra. Marinalva Cardoso Dantas (Minist\u00e9rio do Trabalho), a Dra. Thais Dum\u00eat Faria (OIT) e a Prof. Dra. Claudia Ara\u00fajo de Lima (UFMS), como mediadora.<\/p>\n<p class=\"x_MsoNormal\">Na parte da tarde, \u00e0s 13h30, a Dra. Ana Magn\u00f3lia Bezerra Mendes da UnB vai ministrar a confer\u00eancia &#8220;Trabalhe, e cale-se! O sil\u00eancio gritante nas situa\u00e7\u00f5es de viol\u00eancia&#8221;. Na sequ\u00eancia, ter\u00e1 a mesa-redonda sofre &#8220;Sofrimento ps\u00edquico, servid\u00e3o e viol\u00eancia no trabalho&#8221; com o Desembargador do Trabalho, Andr\u00e9 Lu\u00eds Moraes de Oliveira (TRT\/MS) e o Dr. Andr\u00e9 Luis Vizzaccaro Amaral (UEL) e media\u00e7\u00e3o do Prof. Jos\u00e9 Roberto Montes Heloani (UNICAMP).<\/p>\n<p class=\"x_MsoNormal\">Encerrando o congresso, o Prof. Dr. \u00c1lvaro Roberto Crespo Merlo (UFRGS) ministrar\u00e1 a confer\u00eancia &#8220;Quando o copo transborda: suic\u00eddios no trabalho&#8221;.<\/p>\n<p class=\"x_MsoNormal\"><b>Inscri\u00e7\u00f5es<\/b><\/p>\n<p class=\"x_MsoNormal\">As inscri\u00e7\u00f5es pode ser realizadas gratuitamente pelo portal da Fundacentro (<a href=\"http:\/\/www.fundacentro.gov.br\/\" target=\"_blank\" rel=\"noopener noreferrer\">www.fundacentro.gov.br<\/a>), com uma taxa simb\u00f3lica de 2 kg de alimento n\u00e3o perec\u00edvel a ser entregue no momento do credenciamento.<\/p>\n<p class=\"x_MsoNormal\"><b>Minicursos<\/b><\/p>\n<p class=\"x_MsoNormal\">Interessados podem participar de seis minicursos que ser\u00e3o realizados na manh\u00e3 do dia 12\/11 (segunda-feira). Para se inscrever \u00e9 necess\u00e1rio acessar o site da Fundacentro (<a href=\"http:\/\/www.fundacentro.gov.br\/\" target=\"_blank\" rel=\"noopener noreferrer\">www.fundacentro.gov.br<\/a>). S\u00e3o 30 vagas para cada minicurso.<\/p>\n<p class=\"x_MsoNormal\"><b>Local<\/b><\/p>\n<p class=\"x_MsoNormal\">O Congresso acontece no Anfiteatro Salom\u00e3o Baruki, Campus Pantanal da UFMS. Outras informa\u00e7\u00f5es &#8211; 67-3234-6891 ou 3234-6804.<\/p>\n<p class=\"x_MsoNormal\"><span style=\"font-size: small;\"><b>Realiza\u00e7\u00e3o<\/b><br \/>\n<\/span><\/p>\n<p><span style=\"font-size: small;\">O Congresso Sul-Mato-Grossense sobre Viol\u00eancias no Trabalho<\/span>\u00a0\u00e9 realizado pelo<span style=\"font-size: small;\">\u00a0TRT\/MS, por meio do Programa Nacional de Preven\u00e7\u00e3o de Acidente de Trabalho, pela UFMS, Minist\u00e9rio P\u00fablico do Trabalho em Mato Grosso do Sul e Laborat\u00f3rio de Sa\u00fade Mental do Trabalhador, com o apoio do Minist\u00e9rio do Trabalho, Fundacentro, OAB\/MS Subse\u00e7\u00e3o Corumb\u00e1, Cerest e Vetorial.<\/span><\/p>\n","protected":false},"excerpt":{"rendered":"<p>O Congresso Sul-Mato-Grossense sobre Viol\u00eancias no Trabalho &#8211; Enfrentamento e Supera\u00e7\u00e3o ser\u00e1 realizado em Corumb\u00e1,&#8230;<\/p>\n","protected":false},"author":1,"featured_media":0,"comment_status":"closed","ping_status":"closed","sticky":false,"template":"","format":"standard","meta":{"footnotes":""},"categories":[14],"tags":[],"class_list":["post-24118","post","type-post","status-publish","format-standard","hentry","category-geral"],"_links":{"self":[{"href":"https:\/\/www.corumbaonline.com.br\/news\/wp-json\/wp\/v2\/posts\/24118","targetHints":{"allow":["GET"]}}],"collection":[{"href":"https:\/\/www.corumbaonline.com.br\/news\/wp-json\/wp\/v2\/posts"}],"about":[{"href":"https:\/\/www.corumbaonline.com.br\/news\/wp-json\/wp\/v2\/types\/post"}],"author":[{"embeddable":true,"href":"https:\/\/www.corumbaonline.com.br\/news\/wp-json\/wp\/v2\/users\/1"}],"replies":[{"embeddable":true,"href":"https:\/\/www.corumbaonline.com.br\/news\/wp-json\/wp\/v2\/comments?post=24118"}],"version-history":[{"count":1,"href":"https:\/\/www.corumbaonline.com.br\/news\/wp-json\/wp\/v2\/posts\/24118\/revisions"}],"predecessor-version":[{"id":24119,"href":"https:\/\/www.corumbaonline.com.br\/news\/wp-json\/wp\/v2\/posts\/24118\/revisions\/24119"}],"wp:attachment":[{"href":"https:\/\/www.corumbaonline.com.br\/news\/wp-json\/wp\/v2\/media?parent=24118"}],"wp:term":[{"taxonomy":"category","embeddable":true,"href":"https:\/\/www.corumbaonline.com.br\/news\/wp-json\/wp\/v2\/categories?post=24118"},{"taxonomy":"post_tag","embeddable":true,"href":"https:\/\/www.corumbaonline.com.br\/news\/wp-json\/wp\/v2\/tags?post=24118"}],"curies":[{"name":"wp","href":"https:\/\/api.w.org\/{rel}","templated":true}]}}