{"id":24129,"date":"2018-10-27T09:00:37","date_gmt":"2018-10-27T13:00:37","guid":{"rendered":"http:\/\/www.corumbaonline.com.br\/news\/?p=24129"},"modified":"2018-10-27T09:57:54","modified_gmt":"2018-10-27T13:57:54","slug":"24129","status":"publish","type":"post","link":"https:\/\/www.corumbaonline.com.br\/news\/24129\/","title":{"rendered":"\u00daltimo programa eleitoral tem ataque entre presidenci\u00e1veis"},"content":{"rendered":"<p>No \u00faltimo dia de propaganda eleitoral no r\u00e1dio e na televis\u00e3o, os candidatos \u00e0 Presid\u00eancia Jair Bolsonaro (PSL) e Fernando Haddad (PT) mantiveram o tom de ataques diretos entre eles e seus partidos. A grava\u00e7\u00e3o exibida na noite de ontem (26) em todos os canais abertos de TV mostrou basicamente as mesmas falas e imagens, utilizando uma estrat\u00e9gia semelhante de utilizar apresentadores e locutores para as cr\u00edticas mais fortes.<\/p>\n<h2>Bolsonaro<\/h2>\n<div class=\"dnd-widget-wrapper context-medio_4colunas type-image atom-align-left\">\n<div class=\"dnd-atom-rendered\">\n<figure class=\"mejs-fotoh-wrapper\">\n<p><figure style=\"width: 365px\" class=\"wp-caption alignnone\"><img loading=\"lazy\" decoding=\"async\" class=\"img-responsive full full\" title=\"Fernando Fraz\u00e3o\/Ag\u00eancia Brasil\/Ag\u00eancia Brasil\" src=\"http:\/\/imagens.ebc.com.br\/_QaDOKh9VFMTFFymZxiWtShvssM=\/365x0\/smart\/http:\/\/agenciabrasil.ebc.com.br\/sites\/default\/files\/thumbnails\/image\/img_20181025_182610.jpg?itok=nUMN7yiB\" alt=\"O candidato \u00e0 presidencia da Rep\u00fablica Jair Bolsonaro (PSL) concede entrevista ao receber faixa preta de jiu-jitsu em homenagem de lutadores, no bairro Jardim Bot\u00e2nico.\" width=\"365\" height=\"243\" \/><figcaption class=\"wp-caption-text\">O candidato \u00e0 presidencia da Rep\u00fablica Jair Bolsonaro (PSL) (Fernando Fraz\u00e3o\/Ag\u00eancia Brasil)<\/figcaption><\/figure><\/figure>\n<\/div>\n<\/div>\n<p>A \u00fanica mudan\u00e7a no programa do presidenci\u00e1vel do PSL foi um relato sobre a facada que ele levou durante a campanha do primeiro turno, em Juiz de Fora (MG). Falando diretamente com o eleitor, Bolsonaro disse que \u00e9 um \u201cmilagre\u201d estar vivo, que o munic\u00edpio mineiro \u00e9 agora a sua segunda cidade natal e voltou a falar de uma poss\u00edvel vit\u00f3ria nas urnas.<\/p>\n<p>\u201cL\u00e1 eu nasci de novo. Salvaram a minha vida. Logicamente a m\u00e3o de Deus se fez presente. Hoje n\u00f3s temos uma possibilidade concreta, real de ganhar as elei\u00e7\u00f5es. Precisamos para tal de nos manter unidos e combater as mentiras\u201d, disse. O candidato voltou a falar que se essa for a \u201cvontade de Deus\u201d, estar\u00e1 pronto para cumprir a miss\u00e3o.<\/p>\n<p>O presidenci\u00e1vel ainda disse que os \u00faltimos governos mergulharam o pa\u00eds na \u201cmais completa crise \u00e9tica, moral e econ\u00f4mica\u201d. Antes da fala de Bolsonaro, a propaganda reexibiu cr\u00edticas que vinham sendo feitas ao PT, vinculando o partido \u00e0 viol\u00eancia, ao desemprego e \u00e0 corrup\u00e7\u00e3o. &#8220;Agora \u00e9 o Brasil contra o PT&#8221;, pregou o apresentador do programa.<\/p>\n<p>A campanha afirmou que o PT ficou 13 anos no poder e &#8220;quebrou o pa\u00eds&#8221;. Dentre as acusa\u00e7\u00f5es est\u00e3o a de que a sigla quer voltar \u00e0 Presid\u00eancia para modificar a Constitui\u00e7\u00e3o Federal, censurar a imprensa e acabar com a Opera\u00e7\u00e3o Lava Jato.<\/p>\n<h2>Haddad<\/h2>\n<div class=\"dnd-widget-wrapper context-medio_4colunas type-image atom-align-left\">\n<div class=\"dnd-atom-rendered\">\n<figure class=\"mejs-fotoh-wrapper\">\n<p><figure style=\"width: 365px\" class=\"wp-caption alignnone\"><img loading=\"lazy\" decoding=\"async\" class=\"img-responsive full full\" title=\"Rovena Rosa\/Ag\u00eancia Brasil\/Ag\u00eancia Brasil\" src=\"http:\/\/imagens.ebc.com.br\/j-rImvu4uXxTaYl_z-DeqvjzTKs=\/365x0\/smart\/http:\/\/agenciabrasil.ebc.com.br\/sites\/default\/files\/thumbnails\/image\/rvrsa_abr_251020181707.jpg?itok=4HkBBg1O\" alt=\"O candidato a presid\u00eancia da Rep\u00fablica, Fernando Haddad fala com a imprensa ap\u00f3s reuni\u00e3o com a chefe da miss\u00e3o de observa\u00e7\u00e3o eleitoral da OEA, Laura Chinchilla, no hotel Matsubara.\" width=\"365\" height=\"242\" \/><figcaption class=\"wp-caption-text\">O candidato a presid\u00eancia da Rep\u00fablica, Fernando Haddad (Rovena Rosa\/Ag\u00eancia Brasil)<\/figcaption><\/figure><\/figure>\n<\/div>\n<\/div>\n<p>A campanha eleitoral de Fernando Haddad iniciou o programa eleitoral exibindo grava\u00e7\u00f5es com falas de Bolsonaro criticando os pobres e defendendo a tortura. Foi veiculado um trecho em que o candidato do PSL diz que o pobre s\u00f3 serve para votar, \u201ccom o t\u00edtulo de eleitor na m\u00e3o e o diploma de burro no bolso\u201d.<\/p>\n<p>A apresentadora lembrou a recente afirma\u00e7\u00e3o de Bolsonaro de que iria \u201cfuzilar a petralhada\u201d e exibiu depoimento de mulheres que foram torturadas por Brilhante Ustra &#8211; coronel do Ex\u00e9rcito que comandou \u00f3rg\u00e3os de repress\u00e3o durante a ditadura militar. Bolsonaro considera Ustra uma de suas principais influ\u00eancias.<\/p>\n<p>O candidato do PT voltou a defender que governar\u00e1 o pa\u00eds com di\u00e1logo, construindo pontes, e se diz confiante com a virada. \u201cO Brasil precisa de um presidente que enfrente as dificuldades de cabe\u00e7a erguida, com coragem. Que n\u00e3o tenha medo de encarar o debate com a sociedade olho no olho. Que respeite todas as pessoas. Governe para todos e saiba cuidar das pessoas que mais precisam\u201d, disse.<\/p>\n<p>Refor\u00e7ando a tese de virar a disputa na reta final, a propaganda ainda afirmou que quem conhece o candidato, vota nele. \u201cEu acredito no Brasil. Eu acredito no povo brasileiro &#8211; domingo vamos vencer essa elei\u00e7\u00e3o e reconstruir o nosso pa\u00eds pelo caminho da paz, da inclus\u00e3o social e democracia\u201d, encerrou Haddad.<\/p>\n","protected":false},"excerpt":{"rendered":"<p>No \u00faltimo dia de propaganda eleitoral no r\u00e1dio e na televis\u00e3o, os candidatos \u00e0 Presid\u00eancia&#8230;<\/p>\n","protected":false},"author":1,"featured_media":0,"comment_status":"closed","ping_status":"closed","sticky":false,"template":"","format":"standard","meta":{"footnotes":""},"categories":[101,19],"tags":[],"class_list":["post-24129","post","type-post","status-publish","format-standard","hentry","category-eleicoes","category-politica"],"_links":{"self":[{"href":"https:\/\/www.corumbaonline.com.br\/news\/wp-json\/wp\/v2\/posts\/24129","targetHints":{"allow":["GET"]}}],"collection":[{"href":"https:\/\/www.corumbaonline.com.br\/news\/wp-json\/wp\/v2\/posts"}],"about":[{"href":"https:\/\/www.corumbaonline.com.br\/news\/wp-json\/wp\/v2\/types\/post"}],"author":[{"embeddable":true,"href":"https:\/\/www.corumbaonline.com.br\/news\/wp-json\/wp\/v2\/users\/1"}],"replies":[{"embeddable":true,"href":"https:\/\/www.corumbaonline.com.br\/news\/wp-json\/wp\/v2\/comments?post=24129"}],"version-history":[{"count":2,"href":"https:\/\/www.corumbaonline.com.br\/news\/wp-json\/wp\/v2\/posts\/24129\/revisions"}],"predecessor-version":[{"id":24131,"href":"https:\/\/www.corumbaonline.com.br\/news\/wp-json\/wp\/v2\/posts\/24129\/revisions\/24131"}],"wp:attachment":[{"href":"https:\/\/www.corumbaonline.com.br\/news\/wp-json\/wp\/v2\/media?parent=24129"}],"wp:term":[{"taxonomy":"category","embeddable":true,"href":"https:\/\/www.corumbaonline.com.br\/news\/wp-json\/wp\/v2\/categories?post=24129"},{"taxonomy":"post_tag","embeddable":true,"href":"https:\/\/www.corumbaonline.com.br\/news\/wp-json\/wp\/v2\/tags?post=24129"}],"curies":[{"name":"wp","href":"https:\/\/api.w.org\/{rel}","templated":true}]}}