{"id":24167,"date":"2018-10-27T11:35:35","date_gmt":"2018-10-27T15:35:35","guid":{"rendered":"http:\/\/www.corumbaonline.com.br\/news\/?p=24167"},"modified":"2018-10-27T11:21:17","modified_gmt":"2018-10-27T15:21:17","slug":"o-que-pode-e-o-que-nao-pode-no-dia-da-eleicao","status":"publish","type":"post","link":"https:\/\/www.corumbaonline.com.br\/news\/o-que-pode-e-o-que-nao-pode-no-dia-da-eleicao\/","title":{"rendered":"O que pode e o que n\u00e3o pode no dia da elei\u00e7\u00e3o"},"content":{"rendered":"<p>Os eleitores ir\u00e3o \u00e0s urnas neste domingo (28) em todo o pa\u00eds para escolher o futuro presidente. Pela Lei Eleitoral, os eleitores precisam respeitar\u00a0algumas regras nos locais e no dia da vota\u00e7\u00e3o.<\/p>\n<h2>Uso de bandeiras e camisetas do candidato<\/h2>\n<p>O eleitor pode demonstrar a prefer\u00eancia por um candidato, desde que seja de maneira individual e silenciosa. S\u00e3o permitidas\u00a0bandeiras sem mastro, broches ou adesivos no local de vota\u00e7\u00e3o. Uso de camisetas foi liberado pelo Tribunal Superior Eleitoral (TSE). O\u00a0eleitor poder\u00e1 usar a\u00a0camiseta com nome de seu candidato preferido, sem fazer propaganda eleitoral a favor dele.\u00a0A camiseta n\u00e3o pode ser distribu\u00edda pelo candidato.<\/p>\n<h2>Cola eleitoral<\/h2>\n<p>O eleitor pode levar, em papel,\u00a0os n\u00fameros dos candidatos anotados.\u00a0A cola eleitoral\u00a0<a href=\"http:\/\/www.tse.jus.br\/internet\/midia\/campanha\/2014\/pecas-graficas\/TSE-cola-eleitoral-10-5-13-5.pdf\" target=\"_blank\" rel=\"noopener noreferrer\">(imprima aqui)<\/a>\u00a0\u00e9 permitida e recomendada pela Justi\u00e7a Eleitoral. Em 13 estados e no Distrito Federal, al\u00e9m de presidente, os eleitores v\u00e3o escolher governadores. Em 19 munic\u00edpios, os eleitores v\u00e3o votar para governador, presidente e prefeito.\u00a0N\u00e3o \u00e9 permitida a &#8220;cola&#8221; em celular na hora de votar.<\/p>\n<h2>Uso de celular e\u00a0tirar selfie<\/h2>\n<div class=\"dnd-widget-wrapper context-medio_4colunas type-image atom-align-left\">\n<div class=\"dnd-atom-rendered\">\n<figure class=\"mejs-fotoh-wrapper\">\n<p><figure style=\"width: 365px\" class=\"wp-caption alignnone\"><img loading=\"lazy\" decoding=\"async\" class=\"img-responsive full full\" title=\"EBC\/Ag\u00eancia Brasil\" src=\"http:\/\/imagens.ebc.com.br\/0bWek8TRmmQjsrxvFnePxFB539M=\/365x0\/smart\/http:\/\/agenciabrasil.ebc.com.br\/sites\/default\/files\/atoms\/image\/celular.jpg?itok=-ThHw_29\" alt=\"celular.jpg\" width=\"365\" height=\"274\" \/><figcaption class=\"wp-caption-text\">Eleitor n\u00e3o pode usar celular dentro da cabine de vota\u00e7\u00e3o &#8211; EBC<\/figcaption><\/figure><\/figure>\n<\/div>\n<\/div>\n<p>Na cabine de vota\u00e7\u00e3o, celulares, m\u00e1quina fotogr\u00e1ficas, filmadoras ou outro dispositivo eletr\u00f4nico n\u00e3o s\u00e3o permitidos. Os equipamentos podem corromper o sigilo do voto, ou seja, n\u00e3o pode tirar selfie na hora da vota\u00e7\u00e3o\u00a0ou tirar foto do voto.\u00a0O eleitor que baixou o e-T\u00edtulo vai apresent\u00e1-lo ao mes\u00e1rio e depositar\u00e1 o celular\u00a0em uma mesa enquanto estiver na cabine de vota\u00e7\u00e3o. Ao final, o aparelho ser\u00e1 devolvido pelo mes\u00e1rio.<\/p>\n<h2>Acompanhante<\/h2>\n<p>O eleitor com defici\u00eancia ou mobilidade reduzida poder\u00e1 contar com o aux\u00edlio de pessoa de sua confian\u00e7a na hora de votar, mesmo que n\u00e3o tenha feito o pedido antecipadamente ao juiz eleitoral.<\/p>\n<h2>Alto-falante e carreatas<\/h2>\n<p>Uso de alto-falantes, caixas de som, com\u00edcios e carreatas s\u00e3o proibidos.<\/p>\n<h2>Boca de urna<\/h2>\n<p>Tentar convencer um eleitor a votar ou n\u00e3o em um candidato \u00e9 proibido.\u00a0A propaganda de boca de urna tamb\u00e9m n\u00e3o \u00e9\u00a0permitida. S\u00e3o consideradas boca de urna, por exemplo, a distribui\u00e7\u00e3o de panfletos e santinhos de candidatos, a aglomera\u00e7\u00e3o de pessoas usando roupas uniformizadas ou manifesta\u00e7\u00f5es nas proximidades das zonas eleitorais.<\/p>\n<h2>Bebida alco\u00f3lica<\/h2>\n<p>A legisla\u00e7\u00e3o eleitoral pro\u00edbe\u00a0a venda de bebida\u00a0alco\u00f3lica\u00a0das 6h\u00a0at\u00e9 as 18h\u00a0no dia da elei\u00e7\u00e3o. No entanto, cabe a ju\u00edzes e \u00e0s Secretarias de Seguran\u00e7a P\u00fablica de cada unidade da\u00a0Federa\u00e7\u00e3o decidirem sobre\u00a0a proibi\u00e7\u00e3o da venda e\u00a0do\u00a0consumo nos\u00a0estados ou at\u00e9 em\u00a0cidades.<\/p>\n","protected":false},"excerpt":{"rendered":"<p>Os eleitores ir\u00e3o \u00e0s urnas neste domingo (28) em todo o pa\u00eds para escolher o&#8230;<\/p>\n","protected":false},"author":1,"featured_media":0,"comment_status":"closed","ping_status":"closed","sticky":false,"template":"","format":"standard","meta":{"footnotes":""},"categories":[101,19],"tags":[],"class_list":["post-24167","post","type-post","status-publish","format-standard","hentry","category-eleicoes","category-politica"],"_links":{"self":[{"href":"https:\/\/www.corumbaonline.com.br\/news\/wp-json\/wp\/v2\/posts\/24167","targetHints":{"allow":["GET"]}}],"collection":[{"href":"https:\/\/www.corumbaonline.com.br\/news\/wp-json\/wp\/v2\/posts"}],"about":[{"href":"https:\/\/www.corumbaonline.com.br\/news\/wp-json\/wp\/v2\/types\/post"}],"author":[{"embeddable":true,"href":"https:\/\/www.corumbaonline.com.br\/news\/wp-json\/wp\/v2\/users\/1"}],"replies":[{"embeddable":true,"href":"https:\/\/www.corumbaonline.com.br\/news\/wp-json\/wp\/v2\/comments?post=24167"}],"version-history":[{"count":1,"href":"https:\/\/www.corumbaonline.com.br\/news\/wp-json\/wp\/v2\/posts\/24167\/revisions"}],"predecessor-version":[{"id":24169,"href":"https:\/\/www.corumbaonline.com.br\/news\/wp-json\/wp\/v2\/posts\/24167\/revisions\/24169"}],"wp:attachment":[{"href":"https:\/\/www.corumbaonline.com.br\/news\/wp-json\/wp\/v2\/media?parent=24167"}],"wp:term":[{"taxonomy":"category","embeddable":true,"href":"https:\/\/www.corumbaonline.com.br\/news\/wp-json\/wp\/v2\/categories?post=24167"},{"taxonomy":"post_tag","embeddable":true,"href":"https:\/\/www.corumbaonline.com.br\/news\/wp-json\/wp\/v2\/tags?post=24167"}],"curies":[{"name":"wp","href":"https:\/\/api.w.org\/{rel}","templated":true}]}}