{"id":24178,"date":"2018-10-28T08:08:55","date_gmt":"2018-10-28T12:08:55","guid":{"rendered":"http:\/\/www.corumbaonline.com.br\/news\/?p=24178"},"modified":"2018-10-28T08:19:03","modified_gmt":"2018-10-28T12:19:03","slug":"em-19-municipios-eleitores-vao-eleger-prefeitos-neste-segundo-turno","status":"publish","type":"post","link":"https:\/\/www.corumbaonline.com.br\/news\/em-19-municipios-eleitores-vao-eleger-prefeitos-neste-segundo-turno\/","title":{"rendered":"Em 19 munic\u00edpios, eleitores v\u00e3o eleger prefeitos neste segundo turno"},"content":{"rendered":"<p>Al\u00e9m de votar para presidente da Rep\u00fablica, os eleitores de 19 cidades ir\u00e3o \u00e0s urnas, neste\u00a0<span id=\"OBJ_PREFIX_DWT181_com_zimbra_date\"><span id=\"OBJ_PREFIX_DWT182_com_zimbra_date\">domingo (28)<\/span><\/span>, para escolher novos prefeitos\u00a0devido ao afastamento dos vencedores em 2016. As elei\u00e7\u00f5es suplementares v\u00e3o mobilizar o eleitorado de cinco munic\u00edpios de Goi\u00e1s, quatro de S\u00e3o Paulo, tr\u00eas do Rio<span id=\"OBJ_PREFIX_DWT330_com_zimbra_date\">\u00a0de Janeiro<\/span>, dois do Amazonas, um do Rio Grande do Sul, um de Santa Catarina, um do Mato Grosso, um do Cear\u00e1 e um do Maranh\u00e3o.<\/p>\n<p>Localizada a 70 quil\u00f4metros de Bras\u00edlia, no entorno do Distrito Federal, Planaltina \u00e9 uma das cinco cidades onde haver\u00e1 elei\u00e7\u00e3o para a prefeitura, no estado de Goi\u00e1s. O Tribunal Regional Eleitoral cassou o registro da chapa eleita em 2016, formada por David Alves Teixeira Lima (Pros) e Maria Aparecida dos Santos (Pros), por compra de votos.<\/p>\n<p>Segundo den\u00fancia do Minist\u00e9rio P\u00fablico Eleitoral, eles prometeram empregos em troca de votos, al\u00e9m de usar bens p\u00fablicos para fazer propaganda eleitoral. Durante a campanha, Lima se reuniu com rodovi\u00e1rios desempregados, prometeu negociar a contrata\u00e7\u00e3o de todos e pediu apoio dos trabalhadores. Uma grava\u00e7\u00e3o da reuni\u00e3o comprovou a den\u00fancia.<\/p>\n<h2>Mangaratiba<\/h2>\n<p>Os eleitores de Mangaratiba, munic\u00edpio da Costa Verde do Rio\u00a0de Janeiro, tamb\u00e9m v\u00e3o escolher o novo prefeito.\u00a0Ser\u00e1 o quarto a ocupar o posto desde 2016, quando Aar\u00e3o de Moura Brito Neto (PPS) e o vice Renildo Rodrigues Brand\u00e3o (PPS) venceram o pleito. A chapa foi cassada por abuso de poder praticado nas elei\u00e7\u00f5es de 2008, quando Aar\u00e3o tamb\u00e9m tinha sido eleito para o cargo.<\/p>\n<div class=\"dnd-widget-wrapper context-medio_4colunas type-image atom-align-left\">\n<div class=\"dnd-atom-rendered\">\n<figure class=\"mejs-fotoh-wrapper\">\n<p><figure style=\"width: 365px\" class=\"wp-caption alignnone\"><img loading=\"lazy\" decoding=\"async\" class=\"img-responsive full full\" title=\"Prefeitura de Mangaratiba\/Divulga\u00e7\u00e3o\/Ag\u00eancia Brasil\" src=\"http:\/\/imagens.ebc.com.br\/xUfy_ofHCHWEDDzyt0_KfdZfnpc=\/365x0\/smart\/http:\/\/agenciabrasil.ebc.com.br\/sites\/default\/files\/atoms\/image\/mangaratiba.jpg?itok=eSLVz6-T\" alt=\"Orla de Mangaratiba, munic\u00edpio constru\u00eddo para atender ao escoamento de caf\u00e9 e tr\u00e1fico de escravos\" width=\"365\" height=\"274\" \/><figcaption class=\"wp-caption-text\">Orla de Mangaratiba &#8211; Prefeitura de Mangaratiba\/Divulga\u00e7\u00e3o<\/figcaption><\/figure><\/figure>\n<\/div>\n<\/div>\n<p>O ent\u00e3o presidente da C\u00e2mara Municipal, Vitor Ten\u00f3rio dos Santos (PDT), assumiu interinamente a prefeitura, mas n\u00e3o ficou muito tempo no cargo. Ele foi denunciado por dispensa indevida de licita\u00e7\u00f5es e desvio de recursos p\u00fablicos. Est\u00e1 foragido desde agosto. No momento, o vereador Carlos Alberto Ferreira Gra\u00e7ano (Pode) ocupa o cargo interinamente.<\/p>\n<p>Para a professora de direito da Funda\u00e7\u00e3o Get\u00falio Vargas (FGV) Silvana Batini, o eleitor fica desestimulado com as trocas frequentes de prefeito. \u201cEstamos em crise de credibilidade na classe pol\u00edtica, mas, ao mesmo tempo, \u00e9 muito melhor que o eleitor tenha possibilidade de escolher novamente do que fazer a escolha em uma elei\u00e7\u00e3o indireta pela C\u00e2mara dos Vereadores\u201d, observou.<\/p>\n<h2>Ordem de vota\u00e7\u00e3o<\/h2>\n<p>No estado do Rio<span id=\"OBJ_PREFIX_DWT331_com_zimbra_date\">\u00a0de Janeiro<\/span>, al\u00e9m de Mangaratiba, os eleitores v\u00e3o escolher tamb\u00e9m os prefeitos de Aperib\u00e9 e Laje do Muria\u00e9. \u00c9 distinta a situa\u00e7\u00e3o dos eleitores das tr\u00eas cidades do Rio<span id=\"OBJ_PREFIX_DWT332_com_zimbra_date\">\u00a0de Janeiro<\/span>\u00a0e das cinco de Goi\u00e1s. No Rio, h\u00e1 segundo turno para governador, mas em Goi\u00e1s &#8211; e tamb\u00e9m no Cear\u00e1 e Maranh\u00e3o &#8211; a disputa para o governo do estado foi resolvida no primeiro turno. J\u00e1 em mais oito\u00a0cidades onde haver\u00e1 elei\u00e7\u00e3o municipal\u00a0suplementar, localizadas no Rio Grande do Sul, Santa Catarina, S\u00e3o Paulo e Amazonas,\u00a0haver\u00e1 segundo turno para governadores.<\/p>\n<p>Portanto, em Mangaratiba (RJ), Aperib\u00e9 (RJ) e Laje do Muria\u00e9 (RJ),\u00a0\u00a0Alpestre (RS), Vidal Ramos (SC), Araras (SP), Rinc\u00e3o (SP), Monte Azul Paulista (SP), Mongagu\u00e1 (SP), Anam\u00e3 (AM) e Novo Air\u00e3o (AM), os eleitores v\u00e3o seguir a seguinte ordem de vota\u00e7\u00e3o: governador, presidente e prefeito. Para cada cargo, dever\u00e3o digitar dois n\u00fameros.<\/p>\n<p>Em Planalto da Serra (MT), Croat\u00e1 (CE), Turvel\u00e2ndia (GO), Planaltina (GO), Davin\u00f3polis (GO), Divin\u00f3polis (GO), Serran\u00f3polis (GO) e Bacabal (MA), os eleitores v\u00e3o escolher o presidente e o prefeito. Nesses estados, os governadores foram eleitos no primeiro turno.<\/p>\n<h2>Urnas<\/h2>\n<p>Segundo o Tribunal Superior Eleitoral (TSE), para permitir as diferentes vota\u00e7\u00f5es, a\u00a0Secretaria de Tecnologia da Informa\u00e7\u00e3o desenvolveu o Programa de M\u00faltiplas Elei\u00e7\u00f5es, que \u201cpermite a programa\u00e7\u00e3o da urna eletr\u00f4nica com composi\u00e7\u00f5es que variam conforme as exig\u00eancias de cada pleito\u201d.<\/p>\n<p>No primeiro turno, por exemplo, al\u00e9m da vota\u00e7\u00e3o nacional &#8211; presidente da Rep\u00fablica, governadores, senadores, deputados federais, estaduais e distritais -, as urnas foram preparadas para a elei\u00e7\u00e3o do Conselho Distrital do Arquip\u00e9lago de Fernando de Noronha (PE) e dos plebiscitos em Petr\u00f3polis (RJ), Fortaleza do Taboc\u00e3o (TO) e Augusto Severo (RN).<\/p>\n<p>Em Petr\u00f3polis, 68,7% dos votantes decidiram pelo fim do uso de tra\u00e7\u00e3o animal em charretes que fazem passeios tur\u00edsticos no centro hist\u00f3rico. J\u00e1 em Fortaleza do Taboc\u00e3o e Augusto Severo, os eleitores decidiram mudar os nomes das duas cidades. Com 74,83% dos votos, Fortaleza do Taboc\u00e3o passar\u00e1 a se chamar somente Taboc\u00e3o. Augusto Severo ser\u00e1 Campo Grande, por vontade de 95,7% dos votantes.<\/p>\n","protected":false},"excerpt":{"rendered":"<p>Al\u00e9m de votar para presidente da Rep\u00fablica, os eleitores de 19 cidades ir\u00e3o \u00e0s urnas,&#8230;<\/p>\n","protected":false},"author":1,"featured_media":0,"comment_status":"closed","ping_status":"closed","sticky":false,"template":"","format":"standard","meta":{"footnotes":""},"categories":[101,19],"tags":[],"class_list":["post-24178","post","type-post","status-publish","format-standard","hentry","category-eleicoes","category-politica"],"_links":{"self":[{"href":"https:\/\/www.corumbaonline.com.br\/news\/wp-json\/wp\/v2\/posts\/24178","targetHints":{"allow":["GET"]}}],"collection":[{"href":"https:\/\/www.corumbaonline.com.br\/news\/wp-json\/wp\/v2\/posts"}],"about":[{"href":"https:\/\/www.corumbaonline.com.br\/news\/wp-json\/wp\/v2\/types\/post"}],"author":[{"embeddable":true,"href":"https:\/\/www.corumbaonline.com.br\/news\/wp-json\/wp\/v2\/users\/1"}],"replies":[{"embeddable":true,"href":"https:\/\/www.corumbaonline.com.br\/news\/wp-json\/wp\/v2\/comments?post=24178"}],"version-history":[{"count":1,"href":"https:\/\/www.corumbaonline.com.br\/news\/wp-json\/wp\/v2\/posts\/24178\/revisions"}],"predecessor-version":[{"id":24179,"href":"https:\/\/www.corumbaonline.com.br\/news\/wp-json\/wp\/v2\/posts\/24178\/revisions\/24179"}],"wp:attachment":[{"href":"https:\/\/www.corumbaonline.com.br\/news\/wp-json\/wp\/v2\/media?parent=24178"}],"wp:term":[{"taxonomy":"category","embeddable":true,"href":"https:\/\/www.corumbaonline.com.br\/news\/wp-json\/wp\/v2\/categories?post=24178"},{"taxonomy":"post_tag","embeddable":true,"href":"https:\/\/www.corumbaonline.com.br\/news\/wp-json\/wp\/v2\/tags?post=24178"}],"curies":[{"name":"wp","href":"https:\/\/api.w.org\/{rel}","templated":true}]}}