{"id":24202,"date":"2018-10-29T08:34:44","date_gmt":"2018-10-29T12:34:44","guid":{"rendered":"http:\/\/www.corumbaonline.com.br\/news\/?p=24202"},"modified":"2018-10-29T08:34:44","modified_gmt":"2018-10-29T12:34:44","slug":"bolsonaro-deve-passar-o-dia-em-casa-recebendo-correligionarios","status":"publish","type":"post","link":"https:\/\/www.corumbaonline.com.br\/news\/bolsonaro-deve-passar-o-dia-em-casa-recebendo-correligionarios\/","title":{"rendered":"Bolsonaro deve passar o dia em casa recebendo correligion\u00e1rios"},"content":{"rendered":"<p>Ap\u00f3s uma longa noite com correligion\u00e1rios e simpatizantes, o presidente eleito Jair Bolsonaro (PSL) pretende passar hoje (29) o dia em casa, no Rio de Janeiro. A previs\u00e3o \u00e9 de que ele j\u00e1 comece a organizar a equipe de transi\u00e7\u00e3o, que vai reunir 50 integrantes em Bras\u00edlia. Pelo menos tr\u00eas nomes est\u00e3o confirmados.<\/p>\n<div class=\"dnd-widget-wrapper context-cheio_8colunas type-image\">\n<div class=\"dnd-atom-rendered\">\n<figure class=\"mejs-fotoh-wrapper\">\n<p><figure style=\"width: 754px\" class=\"wp-caption alignnone\"><img loading=\"lazy\" decoding=\"async\" class=\"img-responsive full full\" title=\"T\u00e2nia R\u00eago\/Ag\u00eancia Brasil\/Ag\u00eancia Brasil\" src=\"http:\/\/imagens.ebc.com.br\/6mMRHdrvrGTqVD7UvgRlq5Bdr1A=\/754x0\/smart\/http:\/\/agenciabrasil.ebc.com.br\/sites\/default\/files\/thumbnails\/image\/tnrgo_abr_0610185925.jpg?itok=RzNLGPlL\" alt=\"O vendedor de camisas e bandeiras do Brasil, o mineiro Andr\u00e9 Luiz dos Santos, anuncia greve de fome em protesto pela atual situa\u00e7\u00e3o do pa\u00eds, na entrada do condom\u00ednio do candidato \u00e0 Presid\u00eancia da Rep\u00fablica pelo PSL, Jair Bolsonaro\" width=\"754\" height=\"503\" \/><figcaption class=\"wp-caption-text\">Entrada do condom\u00ednio onde mora o presidente eleito Jair Bolsonaro, na Barra da Tijuca (T\u00e2nia R\u00eago\/Ag\u00eancia Brasil)<\/figcaption><\/figure><\/figure>\n<\/div>\n<\/div>\n<p>A equipe de transi\u00e7\u00e3o vai trabalhar em conjunto com o grupo de assessores definido pelo presidente Michel Temer. A coordena\u00e7\u00e3o \u00e9 do ministro-chefe da Casa Civil, Eliseu Padilha. Nos \u00faltimos dias, o deputado federal Onyx Lorenzoni (DEM-RS) esteve em Bras\u00edlia para se informar sobre o funcionamento do trabalho.<\/p>\n<p>Na equipe de transi\u00e7\u00e3o s\u00e3o apresentados os cronogramas do governo, as propostas em curso e o que est\u00e1 programado para conclus\u00e3o, como obras. Ao longo da campanha, Bolsonaro avisou que pretende reduzir a m\u00e1quina administrativa, a partir da diminui\u00e7\u00e3o de 29 para 15 minist\u00e9rios.<\/p>\n<p><strong>Festas<\/strong><\/p>\n<p>Em frente \u00e0 casa de Bolsonaro, na Barra da Tijuca, no Rio de Janeiro, a festa foi at\u00e9 tarde. Simpatizantes ocuparam a avenida onde fica o condom\u00ednio para comemorar a vit\u00f3ria. O clima de celebra\u00e7\u00e3o come\u00e7ou ontem (28) antes mesmo de confirmado o resultado oficial.<\/p>\n<p>Tamb\u00e9m em v\u00e1rias cidades do pa\u00eds houve comemora\u00e7\u00f5es. Em Bras\u00edlia, a \u00e1rea em frente ao Congresso Nacional foi tomada por simpatizantes do presidente eleito, vestidos com a camisa da Sele\u00e7\u00e3o Brasileira de Futebol, de verde e amarelo e alguns com camisetas que estampavam o rosto de Bolsonaro.<\/p>\n","protected":false},"excerpt":{"rendered":"<p>Ap\u00f3s uma longa noite com correligion\u00e1rios e simpatizantes, o presidente eleito Jair Bolsonaro (PSL) pretende&#8230;<\/p>\n","protected":false},"author":1,"featured_media":0,"comment_status":"closed","ping_status":"closed","sticky":false,"template":"","format":"standard","meta":{"footnotes":""},"categories":[101,19],"tags":[],"class_list":["post-24202","post","type-post","status-publish","format-standard","hentry","category-eleicoes","category-politica"],"_links":{"self":[{"href":"https:\/\/www.corumbaonline.com.br\/news\/wp-json\/wp\/v2\/posts\/24202","targetHints":{"allow":["GET"]}}],"collection":[{"href":"https:\/\/www.corumbaonline.com.br\/news\/wp-json\/wp\/v2\/posts"}],"about":[{"href":"https:\/\/www.corumbaonline.com.br\/news\/wp-json\/wp\/v2\/types\/post"}],"author":[{"embeddable":true,"href":"https:\/\/www.corumbaonline.com.br\/news\/wp-json\/wp\/v2\/users\/1"}],"replies":[{"embeddable":true,"href":"https:\/\/www.corumbaonline.com.br\/news\/wp-json\/wp\/v2\/comments?post=24202"}],"version-history":[{"count":1,"href":"https:\/\/www.corumbaonline.com.br\/news\/wp-json\/wp\/v2\/posts\/24202\/revisions"}],"predecessor-version":[{"id":24203,"href":"https:\/\/www.corumbaonline.com.br\/news\/wp-json\/wp\/v2\/posts\/24202\/revisions\/24203"}],"wp:attachment":[{"href":"https:\/\/www.corumbaonline.com.br\/news\/wp-json\/wp\/v2\/media?parent=24202"}],"wp:term":[{"taxonomy":"category","embeddable":true,"href":"https:\/\/www.corumbaonline.com.br\/news\/wp-json\/wp\/v2\/categories?post=24202"},{"taxonomy":"post_tag","embeddable":true,"href":"https:\/\/www.corumbaonline.com.br\/news\/wp-json\/wp\/v2\/tags?post=24202"}],"curies":[{"name":"wp","href":"https:\/\/api.w.org\/{rel}","templated":true}]}}