{"id":24204,"date":"2018-10-29T08:37:25","date_gmt":"2018-10-29T12:37:25","guid":{"rendered":"http:\/\/www.corumbaonline.com.br\/news\/?p=24204"},"modified":"2018-10-29T08:40:59","modified_gmt":"2018-10-29T12:40:59","slug":"caravana-da-saude-atende-250-mil-pessoas-e-realiza-67-mil-cirurgias","status":"publish","type":"post","link":"https:\/\/www.corumbaonline.com.br\/news\/caravana-da-saude-atende-250-mil-pessoas-e-realiza-67-mil-cirurgias\/","title":{"rendered":"Caravana da Sa\u00fade atende 250 mil pessoas e realiza 67 mil cirurgias"},"content":{"rendered":"<p>Com objetivo de reduzir a fila de espera, a Caravana da Sa\u00fade realizou 67 mil cirurgias e atendeu 250 mil pessoas desde seu in\u00edcio em 2015. As a\u00e7\u00f5es tamb\u00e9m tiveram desdobramentos como a Caravana nas Aldeias, que atendeu a popula\u00e7\u00e3o ind\u00edgena em aldeias de Mato Grosso do Sul e tamb\u00e9m a Caravana nas Escolas, que examinou alunos da rede p\u00fablica de ensino.<\/p>\n<p>O Governo do Estado realizou entre 2015 e 2018 os mutir\u00f5es da Caravana da Sa\u00fade nas 11 microrregi\u00f5es de Mato Grosso do Sul, levando a sa\u00fade at\u00e9 a popula\u00e7\u00e3o e reestruturando e auxiliando nas a\u00e7\u00f5es de regionaliza\u00e7\u00e3o. As edi\u00e7\u00f5es ocorreram em Coxim, Ponta Por\u00e3, Tr\u00eas Lagoas, Parana\u00edba, Nova Andradina, Corumb\u00e1, Navira\u00ed, Jardim, Aquidauana, Dourados e Campo Grande.<\/p>\n<p>Em junho deste ano, a Caravana da Sa\u00fade retornou em Campo Grande realizando cirurgias em pacientes que aguardavam na lista do Sistema \u00danico de Sa\u00fade (SUS). Al\u00e9m das cirurgias efetuadas durante a Caravana, os pacientes foram agendados para continuar a realiza\u00e7\u00e3o das cirurgias no Hospital Regional de Mato Grosso do Sul (HRMS). Tamb\u00e9m foram feitos nos finais de semana, durante o m\u00eas de setembro, no HRMS, mutir\u00f5es de cirurgias eletivas.<\/p>\n<div id=\"attachment_236891\" class=\"wp-caption alignright\"><a href=\"http:\/\/www.ms.gov.br\/wp-content\/uploads\/sites\/150\/2018\/10\/Caravana-_Airton-Raes-1.jpg\"><img loading=\"lazy\" decoding=\"async\" class=\"wp-image-236891 \" src=\"http:\/\/www.ms.gov.br\/wp-content\/uploads\/sites\/150\/2018\/10\/Caravana-_Airton-Raes-1-300x200.jpg\" sizes=\"auto, (max-width: 321px) 100vw, 321px\" srcset=\"http:\/\/www.ms.gov.br\/wp-content\/uploads\/sites\/150\/2018\/10\/Caravana-_Airton-Raes-1-300x200.jpg 300w, http:\/\/www.ms.gov.br\/wp-content\/uploads\/sites\/150\/2018\/10\/Caravana-_Airton-Raes-1-768x512.jpg 768w, http:\/\/www.ms.gov.br\/wp-content\/uploads\/sites\/150\/2018\/10\/Caravana-_Airton-Raes-1-1024x682.jpg 1024w, http:\/\/www.ms.gov.br\/wp-content\/uploads\/sites\/150\/2018\/10\/Caravana-_Airton-Raes-1-272x182.jpg 272w\" alt=\"\" width=\"321\" height=\"215\" \/><\/a><\/p>\n<p class=\"wp-caption-text\"><em>Adelson da Silva n\u00e3o estava mais conseguindo trabalhar devido ao est\u00e1gio avan\u00e7ado da catarata.<\/em><\/p>\n<\/div>\n<p>Adelson Cabral da Silva, 50 anos, n\u00e3o estava mais conseguindo trabalhar devido ao est\u00e1gio avan\u00e7ado da catarata. Ap\u00f3s a cirurgia oftalmologia na Caravana da Sa\u00fade, ele voltou a enxergar. \u201cEssa Caravana \u00e9 uma ben\u00e7\u00e3o. Nossa, quero ver tanta coisa\u201d, afirma.<\/p>\n<p><strong>Caravana nas Aldeias<\/strong><\/p>\n<p>A Caravana da Sa\u00fade realizada em aldeias \u00e9 considerada a maior a\u00e7\u00e3o de governo voltada aos povos ind\u00edgenas. As edi\u00e7\u00f5es ocorreram nos munic\u00edpios de Miranda, Aquidauana e Amambai atendendo as aldeias da regi\u00e3o em parceria com as prefeituras e os Distritos Sanit\u00e1rios Especiais Ind\u00edgenas (DSEI).<\/p>\n<p>Nas regi\u00f5es de Miranda e Aquidauana foi atendida uma maioria de \u00edndios Terenas. Na regi\u00e3o Sul-Fronteira de Mato Grosso do Sul, a Caravana assistiu mais ind\u00edgenas das etnias Guarani e Kaiow\u00e1. Os ind\u00edgenas tiveram acesso a consultas nas especialidades de cardiologia, dermatologia, endocrinologia, ginecologia, neurologia, neuropediatria, oftalmologia, ortopedia, otorrino, odontologia, psiquiatria, urologia e psicologia. Tamb\u00e9m tiveram acesso a exames eletrocardiograma, eletroencefalograma, PSA (c\u00e2ncer de pr\u00f3stata), preventivo (papanicolau), mamografia, ultrassonografia, c\u00e2ncer de pele e preven\u00e7\u00e3o ao c\u00e2ncer bucal.<\/p>\n<div id=\"attachment_236893\" class=\"wp-caption alignleft\"><a href=\"http:\/\/www.ms.gov.br\/wp-content\/uploads\/sites\/150\/2018\/10\/Caravana_Maria-de-F%C3%A1tima_foto-airton-raes.jpeg\"><img loading=\"lazy\" decoding=\"async\" class=\"wp-image-236893 size-medium\" src=\"http:\/\/www.ms.gov.br\/wp-content\/uploads\/sites\/150\/2018\/10\/Caravana_Maria-de-F%C3%A1tima_foto-airton-raes-300x225.jpeg\" sizes=\"auto, (max-width: 300px) 100vw, 300px\" srcset=\"http:\/\/www.ms.gov.br\/wp-content\/uploads\/sites\/150\/2018\/10\/Caravana_Maria-de-F\u00e1tima_foto-airton-raes-300x225.jpeg 300w, http:\/\/www.ms.gov.br\/wp-content\/uploads\/sites\/150\/2018\/10\/Caravana_Maria-de-F\u00e1tima_foto-airton-raes-768x576.jpeg 768w, http:\/\/www.ms.gov.br\/wp-content\/uploads\/sites\/150\/2018\/10\/Caravana_Maria-de-F\u00e1tima_foto-airton-raes-1024x768.jpeg 1024w, http:\/\/www.ms.gov.br\/wp-content\/uploads\/sites\/150\/2018\/10\/Caravana_Maria-de-F\u00e1tima_foto-airton-raes.jpeg 1280w\" alt=\"\" width=\"300\" height=\"225\" \/><\/a><\/p>\n<p class=\"wp-caption-text\"><em>Moradora da aldeia Lim\u00e3o Verde, Maria de F\u00e1tima, se emocionou ao receber os \u00f3culos.<\/em><\/p>\n<\/div>\n<p>Moradora da aldeia Lim\u00e3o Verde, em Aquidauana, Maria de F\u00e1tima se emocionou ao receber os \u00f3culos, ap\u00f3s os exames da Caravana detectarem que havia a necessidade do uso. \u201c\u00c9 uma felicidade muito grande. O nosso acesso \u00e0 sa\u00fade \u00e9 dif\u00edcil e gra\u00e7as ao Governo do Estado pudemos realizar os exames\u201d, afirmou.<\/p>\n<p><strong>Caravana da Sa\u00fade nas Escolas<\/strong><\/p>\n<p>Com objetivo de combater o baixo rendimento escolar, a Caravana da Sa\u00fade nas Escolas examinou 30 mil alunos das redes municipal e estadual de Educa\u00e7\u00e3o em Campo Grande. Foram feitos exames de audi\u00e7\u00e3o e vis\u00e3o nas crian\u00e7as do 4\u00ba ao 7\u00ba ano das 150 escolas da Capital.<\/p>\n<p>Ap\u00f3s feita a triagem, foi detectado cerca de 6,5 mil alunos com algum problema de vis\u00e3o ou audi\u00e7\u00e3o que passaram por exames mais detalhados. A Secretaria de Estado de Sa\u00fade (SES) distribuiu cerca de 2,5 mil \u00f3culos para as crian\u00e7as que foram diagnosticadas com problemas de vis\u00e3o. Tamb\u00e9m est\u00e1 sendo distribu\u00eddo aparelhos auditivos para os estudantes que apresentaram problemas grave de audi\u00e7\u00e3o.<\/p>\n<p>A aluna Geovana Silva agradeceu os \u00f3culos recebidos pela equipe da SES. Ela estuda na EM Nerone Maiolino, no bairro Vida Nova, em Campo Grande: \u201cEu n\u00e3o conseguia enxergar direito. H\u00e1 muito tempo aguardava pelos \u00f3culos\u201d.<\/p>\n<div id=\"attachment_236892\" class=\"wp-caption alignnone\"><a href=\"http:\/\/www.ms.gov.br\/wp-content\/uploads\/sites\/150\/2018\/10\/Caravana_Airton-Raes.jpg\"><img loading=\"lazy\" decoding=\"async\" class=\"wp-image-236892 size-large\" src=\"http:\/\/www.ms.gov.br\/wp-content\/uploads\/sites\/150\/2018\/10\/Caravana_Airton-Raes-1024x768.jpg\" sizes=\"auto, (max-width: 1024px) 100vw, 1024px\" srcset=\"http:\/\/www.ms.gov.br\/wp-content\/uploads\/sites\/150\/2018\/10\/Caravana_Airton-Raes-1024x768.jpg 1024w, http:\/\/www.ms.gov.br\/wp-content\/uploads\/sites\/150\/2018\/10\/Caravana_Airton-Raes-300x225.jpg 300w, http:\/\/www.ms.gov.br\/wp-content\/uploads\/sites\/150\/2018\/10\/Caravana_Airton-Raes-768x576.jpg 768w\" alt=\"\" width=\"1024\" height=\"768\" \/><\/a><\/p>\n<p class=\"wp-caption-text\"><em>A Caravana da Sa\u00fade nas Escolas examinou 30 mil alunos das redes municipal e estadual de Educa\u00e7\u00e3o na Capital.<\/em><\/p>\n<\/div>\n<p>A diretora da escola, Irene C\u00e2ndido da Silva Tavora, destacou que foi muito importante os exames dos alunos. \u201cOs alunos diagnosticados tinham baixo rendimento e j\u00e1 hav\u00edamos identificado que era por problemas de sa\u00fade. O Governo do Estado fez uma a\u00e7\u00e3o muito importante ao passar pelas escolas\u201d.<\/p>\n","protected":false},"excerpt":{"rendered":"<p>Com objetivo de reduzir a fila de espera, a Caravana da Sa\u00fade realizou 67 mil&#8230;<\/p>\n","protected":false},"author":1,"featured_media":24205,"comment_status":"closed","ping_status":"closed","sticky":false,"template":"","format":"standard","meta":{"footnotes":""},"categories":[8,21],"tags":[],"class_list":["post-24204","post","type-post","status-publish","format-standard","has-post-thumbnail","hentry","category-destaque","category-saude"],"_links":{"self":[{"href":"https:\/\/www.corumbaonline.com.br\/news\/wp-json\/wp\/v2\/posts\/24204","targetHints":{"allow":["GET"]}}],"collection":[{"href":"https:\/\/www.corumbaonline.com.br\/news\/wp-json\/wp\/v2\/posts"}],"about":[{"href":"https:\/\/www.corumbaonline.com.br\/news\/wp-json\/wp\/v2\/types\/post"}],"author":[{"embeddable":true,"href":"https:\/\/www.corumbaonline.com.br\/news\/wp-json\/wp\/v2\/users\/1"}],"replies":[{"embeddable":true,"href":"https:\/\/www.corumbaonline.com.br\/news\/wp-json\/wp\/v2\/comments?post=24204"}],"version-history":[{"count":1,"href":"https:\/\/www.corumbaonline.com.br\/news\/wp-json\/wp\/v2\/posts\/24204\/revisions"}],"predecessor-version":[{"id":24206,"href":"https:\/\/www.corumbaonline.com.br\/news\/wp-json\/wp\/v2\/posts\/24204\/revisions\/24206"}],"wp:featuredmedia":[{"embeddable":true,"href":"https:\/\/www.corumbaonline.com.br\/news\/wp-json\/wp\/v2\/media\/24205"}],"wp:attachment":[{"href":"https:\/\/www.corumbaonline.com.br\/news\/wp-json\/wp\/v2\/media?parent=24204"}],"wp:term":[{"taxonomy":"category","embeddable":true,"href":"https:\/\/www.corumbaonline.com.br\/news\/wp-json\/wp\/v2\/categories?post=24204"},{"taxonomy":"post_tag","embeddable":true,"href":"https:\/\/www.corumbaonline.com.br\/news\/wp-json\/wp\/v2\/tags?post=24204"}],"curies":[{"name":"wp","href":"https:\/\/api.w.org\/{rel}","templated":true}]}}