{"id":24207,"date":"2018-10-29T08:43:09","date_gmt":"2018-10-29T12:43:09","guid":{"rendered":"http:\/\/www.corumbaonline.com.br\/news\/?p=24207"},"modified":"2018-10-29T09:31:11","modified_gmt":"2018-10-29T13:31:11","slug":"bolsonaro-desembarca-amanha-em-brasilia","status":"publish","type":"post","link":"https:\/\/www.corumbaonline.com.br\/news\/bolsonaro-desembarca-amanha-em-brasilia\/","title":{"rendered":"Bolsonaro desembarca amanh\u00e3 em Bras\u00edlia"},"content":{"rendered":"<p>O presidente eleito Jair Bolsonaro (PSL) se prepara para desembarcar amanh\u00e3 (30), pela manh\u00e3, em Bras\u00edlia em um voo comercial. A informa\u00e7\u00e3o foi confirmada por aliados \u00e0\u00a0<strong>Ag\u00eancia Brasil<\/strong>. Como fez no primeiro turno, Bolsonaro evitou utilizar jatinhos particulares, viajando sempre em voos de carreira.<\/p>\n<p>Em Bras\u00edlia, ele dar\u00e1 in\u00edcio aos trabalhos do governo de transi\u00e7\u00e3o, quando as equipes dele e do presidente Michel Temer sentar\u00e3o para analisar os principais detalhes da estrutura administrativa federal.<\/p>\n<div class=\"dnd-widget-wrapper context-cheio_8colunas type-image\">\n<div class=\"dnd-atom-rendered\">\n<figure class=\"mejs-fotoh-wrapper\">\n<p><figure style=\"width: 754px\" class=\"wp-caption alignnone\"><img loading=\"lazy\" decoding=\"async\" class=\"img-responsive full full\" title=\"Tania R\u00eago\/Ag\u00eancia Brasil\/Ag\u00eancia Brasil\" src=\"http:\/\/imagens.ebc.com.br\/xPZGYrKT7CBmOT33xkRiwzDgsnc=\/754x0\/smart\/http:\/\/agenciabrasil.ebc.com.br\/sites\/default\/files\/thumbnails\/image\/jb_tnrgo_abr_2810186524.jpg?itok=GHX3-ayT\" alt=\"Acompanhado de agentes da PF e da mulher, o candidato \u00e0 Presid\u00eancia da Rep\u00fablica pelo PSL, Jair Bolsonaro, vota  na Escola na Municipal Rosa da Fonseca, na Vila Militar, no Rio de Janeiro.\" width=\"754\" height=\"503\" \/><figcaption class=\"wp-caption-text\">Jair Bolsonaro vir\u00e1 a Bras\u00edlia nesta ter\u00e7a-feira na sua primeira viagem depois de ser eleito presidente (Arquivo\/Tania R\u00eago\/Ag\u00eancia Brasil)<\/figcaption><\/figure><\/figure>\n<\/div>\n<\/div>\n<p>O presidente eleito deve passar o dia de hoje em casa, na Barra da Tijuca, no Rio de Janeiro.<\/p>\n<p>O local foi usado como o quartel-general da campanha ao longo dos \u00faltimos dias e cen\u00e1rio de muitas das declara\u00e7\u00f5es reportadas ao povo ao longo da disputa eleitoral.<\/p>\n<p>Aliados e amigos de Bolsonaro v\u00eam tentando, nos \u00faltimos dias, convenc\u00ea-lo a permanecer no Rio de Janeiro esta semana para descansar, sob a argumenta\u00e7\u00e3o de que ter\u00e1 dias de muito trabalho pela frente.<\/p>\n<p>O presidente eleito j\u00e1 confirmou o nome de quatro ministros: Onyx Lorenzoni (Casa Civil), Paulo Guedes (Fazenda), General Heleno (Defesa) e Marcos Pontes (Ci\u00eancia e Tecnologia).<\/p>\n<p>A expectativa \u00e9 que todo o primeiro escal\u00e3o j\u00e1 esteja definido em novembro.<\/p>\n<p>Al\u00e9m disso, 50 nomes ser\u00e3o indicados para o governo de transi\u00e7\u00e3o quando o grupo deve tra\u00e7ar as primeiras estrat\u00e9gias a partir do que Bolsonaro apontar como prioridade.<\/p>\n<p>Em dezembro, provavelmente ele se ausentar\u00e1 desse trabalho por alguns dias para a cirurgia de retirada da bolsa de colostomia que tem usado desde que sofreu um atentado a faca em Juiz de Fora durante a campanha do primeiro turno.<\/p>\n","protected":false},"excerpt":{"rendered":"<p>O presidente eleito Jair Bolsonaro (PSL) se prepara para desembarcar amanh\u00e3 (30), pela manh\u00e3, em&#8230;<\/p>\n","protected":false},"author":1,"featured_media":0,"comment_status":"closed","ping_status":"closed","sticky":false,"template":"","format":"standard","meta":{"footnotes":""},"categories":[101,19],"tags":[],"class_list":["post-24207","post","type-post","status-publish","format-standard","hentry","category-eleicoes","category-politica"],"_links":{"self":[{"href":"https:\/\/www.corumbaonline.com.br\/news\/wp-json\/wp\/v2\/posts\/24207","targetHints":{"allow":["GET"]}}],"collection":[{"href":"https:\/\/www.corumbaonline.com.br\/news\/wp-json\/wp\/v2\/posts"}],"about":[{"href":"https:\/\/www.corumbaonline.com.br\/news\/wp-json\/wp\/v2\/types\/post"}],"author":[{"embeddable":true,"href":"https:\/\/www.corumbaonline.com.br\/news\/wp-json\/wp\/v2\/users\/1"}],"replies":[{"embeddable":true,"href":"https:\/\/www.corumbaonline.com.br\/news\/wp-json\/wp\/v2\/comments?post=24207"}],"version-history":[{"count":1,"href":"https:\/\/www.corumbaonline.com.br\/news\/wp-json\/wp\/v2\/posts\/24207\/revisions"}],"predecessor-version":[{"id":24208,"href":"https:\/\/www.corumbaonline.com.br\/news\/wp-json\/wp\/v2\/posts\/24207\/revisions\/24208"}],"wp:attachment":[{"href":"https:\/\/www.corumbaonline.com.br\/news\/wp-json\/wp\/v2\/media?parent=24207"}],"wp:term":[{"taxonomy":"category","embeddable":true,"href":"https:\/\/www.corumbaonline.com.br\/news\/wp-json\/wp\/v2\/categories?post=24207"},{"taxonomy":"post_tag","embeddable":true,"href":"https:\/\/www.corumbaonline.com.br\/news\/wp-json\/wp\/v2\/tags?post=24207"}],"curies":[{"name":"wp","href":"https:\/\/api.w.org\/{rel}","templated":true}]}}