{"id":24224,"date":"2018-10-29T10:31:04","date_gmt":"2018-10-29T14:31:04","guid":{"rendered":"http:\/\/www.corumbaonline.com.br\/news\/?p=24224"},"modified":"2018-10-29T12:16:41","modified_gmt":"2018-10-29T16:16:41","slug":"senai-empresa-apresenta-programa-de-logistica-reversa-a-supermercadistas","status":"publish","type":"post","link":"https:\/\/www.corumbaonline.com.br\/news\/senai-empresa-apresenta-programa-de-logistica-reversa-a-supermercadistas\/","title":{"rendered":"Senai Empresa apresenta Programa de Log\u00edstica Reversa a supermercadistas"},"content":{"rendered":"<p class=\"x_MsoNormal\">Em reuni\u00e3o realizada na semana passada, a equipe do Senai Empresa apresentou o Programa Senai de Log\u00edstica Reversa aos supermercadistas associados \u00e0 Amas (Associa\u00e7\u00e3o Sul-Mato-Grossense de Supermercados). O Programa \u00e9 desenvolvido inicialmente para auxiliar as ind\u00fastrias locais a elaborarem sistemas de log\u00edstica reversa e que, agora, ser\u00e1 estendido a mais um elo da cadeia de consumo.<\/p>\n<p class=\"x_MsoNormal\">\n<p class=\"x_MsoNormal\">Segundo a coordenadora do Programa Senai de Gest\u00e3o Ambiental do Senai Empresa, Liliane Candida Corr\u00eaa, para operacionalizar a log\u00edstica reversa no Estado \u00e9 fundamental que todos os elos da cadeia, do fabricante ao consumidor final, estejam envolvidos e alinhados para realizar o correto descarte de res\u00edduos e embalagens. \u201cPor isso, \u00e9 muito importante termos a Amas preocupada com essa quest\u00e3o e buscando aux\u00edlio do Senai para se adequar \u00e0 legisla\u00e7\u00e3o. Os supermercados e distribuidores s\u00e3o um dos elos que a Lei Federal traz responsabilidade para aplicar a log\u00edstica reversa\u201d, explicou.<\/p>\n<p class=\"x_MsoNormal\">\n<p class=\"x_MsoNormal\">Ela ainda destacou que a ades\u00e3o dos supermercados ao Programa Senai de Log\u00edstica Reversa representa um avan\u00e7o muito forte para a ind\u00fastria. \u201cConforme a legisla\u00e7\u00e3o, quem deve fomentar de fato toda a cadeia de log\u00edstica reversa \u00e9 o fabricante e o importador, portanto, a participa\u00e7\u00e3o do com\u00e9rcio nesse processo \u00e9 muito positiva porque, se um dos elos n\u00e3o fizer sua parte, quebra toda a cadeia\u201d, completou.<\/p>\n<p class=\"x_MsoNormal\">\n<p class=\"x_MsoNormal\">Na avalia\u00e7\u00e3o do presidente da Amas, Edmilson Jonas Veratti, a parceria com o Senai para o desenvolvimento de projetos de log\u00edstica reversa vem para facilitar o cumprimento da legisla\u00e7\u00e3o. \u201c\u00c9 muito mais f\u00e1cil fazer uma ades\u00e3o a um projeto que j\u00e1 est\u00e1 em fase final de aprova\u00e7\u00e3o, que \u00e9 o caso do Programa do Senai desenvolvido para a ind\u00fastria e que pode ser adaptado com foco no com\u00e9rcio por uma institui\u00e7\u00e3o com expertise no assunto, do que cada supermercado come\u00e7ar do zero um projeto e conseguir aprova\u00e7\u00e3o individual de cada um desses projetos. Penso que essa parceria vai ajudar muito, porque vamos ganhar tempo e dinheiro\u201d, ressaltou.<\/p>\n<p class=\"x_MsoNormal\">\n<p class=\"x_MsoNormal\">Presente ao encontro, o secret\u00e1rio estadual de Meio Ambiente, Desenvolvimento Econ\u00f4mico, Produ\u00e7\u00e3o e Agricultura Familiar, Jaime Verruck, refor\u00e7ou que a log\u00edstica reversa j\u00e1 est\u00e1 estabelecida em lei e tem avan\u00e7ado, mas \u00e9 necess\u00e1rio um fomento maior. Ele refor\u00e7ou que as ind\u00fastrias j\u00e1 apresentaram ao Imasul (Instituto de Meio Ambiente de Mato Grosso do Sul) seus planos por meio do Senai, mas ainda faltam os supermercados, entre outros elos.<\/p>\n<p class=\"x_MsoNormal\">\n<p class=\"x_MsoNormal\">\u201cEles foram convocados a participar desse processo e devem apresentar tamb\u00e9m um plano de log\u00edstica reversa. Ent\u00e3o esse encontro aqui \u00e9 justamente para conhecer melhor um programa que foi desenvolvido pelo Senai com foco na ind\u00fastria, mas que pode ser adaptado para a realidade dos supermercados, fazendo essa cadeia funcionar aqui no Estado\u201d, argumentou Jaime Verruck.<\/p>\n<p class=\"x_MsoNormal\">\n<p class=\"x_MsoNormal\"><b>Veja abaixo tr\u00eas motivos para se adotar a log\u00edstica reversa:<\/b><\/p>\n<p class=\"x_MsoNormal\">\n<p class=\"x_MsoNormal\"><b>1 &#8211; Maior visibilidade socioambiental<\/b><\/p>\n<p class=\"x_MsoNormal\">\n<p class=\"x_MsoNormal\">Enfatizar as pr\u00e1ticas adotadas pela empresa quanto \u00e0 destina\u00e7\u00e3o dos res\u00edduos de seus produtos \u00e9 uma \u00f3tima forma estreitar a rela\u00e7\u00e3o com o cliente e refor\u00e7ar o posicionamento da marca. A empresa pode criar a\u00e7\u00f5es de marketing para informar sobre suas pr\u00e1ticas, a fim de conscientizar o consumidor e gerar uma publicidade positiva.<\/p>\n<p class=\"x_MsoNormal\">\n<p class=\"x_MsoNormal\"><b>2 &#8211; Redu\u00e7\u00e3o de custos<\/b><\/p>\n<p class=\"x_MsoNormal\">\n<p class=\"x_MsoNormal\">A log\u00edstica reversa viabiliza a economia nos processos produtivos das companhias, j\u00e1 que os res\u00edduos retornam \u00e0 cadeia produtiva, o que diminui o consumo e os custos de mat\u00e9rias-primas. Esse processo de retorno de res\u00edduos \u00e0s empresas evita que eles possam poluir ou contaminar o ambiente.<\/p>\n<p class=\"x_MsoNormal\">\n<p class=\"x_MsoNormal\"><b>3 &#8211; Amplia\u00e7\u00e3o e desenvolvimento de novos neg\u00f3cios<\/b><\/p>\n<p class=\"x_MsoNormal\">\n<p class=\"x_MsoNormal\">As empresas passam a adotar tecnologias mais limpas, que simplificam a reutiliza\u00e7\u00e3o e a cria\u00e7\u00e3o de embalagens e produtos que podem ser reciclados com maior facilidade.\u00a0 \u201cAl\u00e9m disso, toda sociedade se beneficia com o aumento na gera\u00e7\u00e3o de empregos, a amplia\u00e7\u00e3o do mercado de gest\u00e3o e de gerenciamento de res\u00edduos\u201d, completou Liliane Candida Corr\u00eaa.<\/p>\n","protected":false},"excerpt":{"rendered":"<p>Em reuni\u00e3o realizada na semana passada, a equipe do Senai Empresa apresentou o Programa Senai&#8230;<\/p>\n","protected":false},"author":1,"featured_media":0,"comment_status":"closed","ping_status":"closed","sticky":false,"template":"","format":"standard","meta":{"footnotes":""},"categories":[9],"tags":[],"class_list":["post-24224","post","type-post","status-publish","format-standard","hentry","category-economia"],"_links":{"self":[{"href":"https:\/\/www.corumbaonline.com.br\/news\/wp-json\/wp\/v2\/posts\/24224","targetHints":{"allow":["GET"]}}],"collection":[{"href":"https:\/\/www.corumbaonline.com.br\/news\/wp-json\/wp\/v2\/posts"}],"about":[{"href":"https:\/\/www.corumbaonline.com.br\/news\/wp-json\/wp\/v2\/types\/post"}],"author":[{"embeddable":true,"href":"https:\/\/www.corumbaonline.com.br\/news\/wp-json\/wp\/v2\/users\/1"}],"replies":[{"embeddable":true,"href":"https:\/\/www.corumbaonline.com.br\/news\/wp-json\/wp\/v2\/comments?post=24224"}],"version-history":[{"count":1,"href":"https:\/\/www.corumbaonline.com.br\/news\/wp-json\/wp\/v2\/posts\/24224\/revisions"}],"predecessor-version":[{"id":24225,"href":"https:\/\/www.corumbaonline.com.br\/news\/wp-json\/wp\/v2\/posts\/24224\/revisions\/24225"}],"wp:attachment":[{"href":"https:\/\/www.corumbaonline.com.br\/news\/wp-json\/wp\/v2\/media?parent=24224"}],"wp:term":[{"taxonomy":"category","embeddable":true,"href":"https:\/\/www.corumbaonline.com.br\/news\/wp-json\/wp\/v2\/categories?post=24224"},{"taxonomy":"post_tag","embeddable":true,"href":"https:\/\/www.corumbaonline.com.br\/news\/wp-json\/wp\/v2\/tags?post=24224"}],"curies":[{"name":"wp","href":"https:\/\/api.w.org\/{rel}","templated":true}]}}