{"id":24226,"date":"2018-10-29T10:45:06","date_gmt":"2018-10-29T14:45:06","guid":{"rendered":"http:\/\/www.corumbaonline.com.br\/news\/?p=24226"},"modified":"2018-10-29T12:17:33","modified_gmt":"2018-10-29T16:17:33","slug":"ex-chefe-da-casa-civil-sergio-de-paula-diz-que-retorno-ao-governo-depende-de-reinaldo","status":"publish","type":"post","link":"https:\/\/www.corumbaonline.com.br\/news\/ex-chefe-da-casa-civil-sergio-de-paula-diz-que-retorno-ao-governo-depende-de-reinaldo\/","title":{"rendered":"Ex-chefe da Casa Civil, S\u00e9rgio de Paula diz que retorno ao governo depende de Reinaldo"},"content":{"rendered":"<p>Considerado pe\u00e7a fundamental na campanha de reelei\u00e7\u00e3o do governador Reinaldo Azambuja (PSDB), S\u00e9rgio de Paula afirma que a vit\u00f3ria \u00e9 resultado da \u201ccredibilidade\u201d do governo, que ajudou a formar a alian\u00e7a com 13 partidos. Al\u00e9m disso, relata que sua participa\u00e7\u00e3o no pr\u00f3ximo governo depende do chefe do Executivo e, mesmo assim, diz que vai pensar caso haja um convite.<\/p>\n<p>\u201cFoi uma campanha dura, levamos v\u00e1rios ataques falsos, mas prevaleceu a verdade. Pris\u00f5es de amigos, fam\u00edlia do governador, de filho\u2026 isso foi muito dif\u00edcil. E a popula\u00e7\u00e3o, mesmo assim, reconheceu que o Reinaldo nosso governador para administrar por mais quatro anos\u201d, disse de Paula, nesta segunda-feira (29), quando esteve acompanhado do governador reeleito para\u00a0<a href=\"https:\/\/www.midiamax.com.br\/politica\/2018\/video-reinaldo-revela-que-governo-tera-novos-nomes-em-2019-e-cobra-forcas-federais-na-fronteira\/\" target=\"_blank\" rel=\"noopener noreferrer\">entrevista exclusiva ao\u00a0<strong>Jornal Midiamax<\/strong><\/a>.<\/p>\n<p>Respons\u00e1vel pela articula\u00e7\u00e3o pol\u00edtica com os aliados, o ex-secret\u00e1rio tucano considera como mais importante a vit\u00f3ria em mais de 80% dos munic\u00edpios sul-mato-grossenses e o \u201cempate t\u00e9cnico\u201d em outras dez cidades. \u201cVoc\u00ea percebe que tem 66 munic\u00edpios com apoio ao governo\u201d.<\/p>\n<p>S\u00e9rgio de Paula foi secret\u00e1rio de Estado da Casa Civil do governo Azambuja at\u00e9 mar\u00e7o de 2017, quando teve de deixar seu comando, oficialmente, devido \u00e0 reforma administrativa que reduziu o n\u00famero de pastas e a Casa Civil foi incorporada \u00e0 Secretaria de Governo.<\/p>\n<p>Ap\u00f3s isso, acabou sendo acusado pelo dono do curtume Braz Pelli por supostamente fazer parte de um esquema de extors\u00e3o para cobran\u00e7a de propina em troca de benef\u00edcios fiscais no governo de Mato Grosso do Sul.<\/p>\n<p>Com a afirma\u00e7\u00e3o de Reinaldo que seu pr\u00f3ximo governo ter\u00e1 novos nomes no primeiro escal\u00e3o, isso abriria a possibilidade para um retorno \u00e0 equipe administrativa. No entanto, de Paula diz que essa decis\u00e3o est\u00e1 nas m\u00e3os do chefe do Parque dos Poderes.<\/p>\n<p>\u201cEle [Reinaldo] vai ter tranquilidade para decidir, sou apenas um colaborador nisso a\u00ed. N\u00e3o tem nada de cadeira cativa ou nada disso. Estou com Reinaldo h\u00e1 23 anos, s\u00e3o duas d\u00e9cadas. Ele tem toda a liberdade para definir o primeiro escal\u00e3o, o segundo escal\u00e3o, o terceiro escal\u00e3o. Porque o importante \u00e9 prestar um bom servi\u00e7o para a popula\u00e7\u00e3o do Estado\u201d, explicou.<\/p>\n<p>Questionado se aceitaria um eventual convite, S\u00e9rgio de Paula vai analisar a proposta. \u201cVou pensar\u201d, conclui.<\/p>\n","protected":false},"excerpt":{"rendered":"<p>Considerado pe\u00e7a fundamental na campanha de reelei\u00e7\u00e3o do governador Reinaldo Azambuja (PSDB), S\u00e9rgio de Paula&#8230;<\/p>\n","protected":false},"author":1,"featured_media":0,"comment_status":"closed","ping_status":"closed","sticky":false,"template":"","format":"standard","meta":{"footnotes":""},"categories":[19],"tags":[],"class_list":["post-24226","post","type-post","status-publish","format-standard","hentry","category-politica"],"_links":{"self":[{"href":"https:\/\/www.corumbaonline.com.br\/news\/wp-json\/wp\/v2\/posts\/24226","targetHints":{"allow":["GET"]}}],"collection":[{"href":"https:\/\/www.corumbaonline.com.br\/news\/wp-json\/wp\/v2\/posts"}],"about":[{"href":"https:\/\/www.corumbaonline.com.br\/news\/wp-json\/wp\/v2\/types\/post"}],"author":[{"embeddable":true,"href":"https:\/\/www.corumbaonline.com.br\/news\/wp-json\/wp\/v2\/users\/1"}],"replies":[{"embeddable":true,"href":"https:\/\/www.corumbaonline.com.br\/news\/wp-json\/wp\/v2\/comments?post=24226"}],"version-history":[{"count":1,"href":"https:\/\/www.corumbaonline.com.br\/news\/wp-json\/wp\/v2\/posts\/24226\/revisions"}],"predecessor-version":[{"id":24227,"href":"https:\/\/www.corumbaonline.com.br\/news\/wp-json\/wp\/v2\/posts\/24226\/revisions\/24227"}],"wp:attachment":[{"href":"https:\/\/www.corumbaonline.com.br\/news\/wp-json\/wp\/v2\/media?parent=24226"}],"wp:term":[{"taxonomy":"category","embeddable":true,"href":"https:\/\/www.corumbaonline.com.br\/news\/wp-json\/wp\/v2\/categories?post=24226"},{"taxonomy":"post_tag","embeddable":true,"href":"https:\/\/www.corumbaonline.com.br\/news\/wp-json\/wp\/v2\/tags?post=24226"}],"curies":[{"name":"wp","href":"https:\/\/api.w.org\/{rel}","templated":true}]}}