{"id":24228,"date":"2018-10-29T11:03:00","date_gmt":"2018-10-29T15:03:00","guid":{"rendered":"http:\/\/www.corumbaonline.com.br\/news\/?p=24228"},"modified":"2018-10-29T12:18:30","modified_gmt":"2018-10-29T16:18:30","slug":"corumba-participa-do-dia-do-desafio-da-leitura-nesta-segunda-feira","status":"publish","type":"post","link":"https:\/\/www.corumbaonline.com.br\/news\/corumba-participa-do-dia-do-desafio-da-leitura-nesta-segunda-feira\/","title":{"rendered":"Corumb\u00e1 participa do dia do desafio da leitura nesta segunda-feira"},"content":{"rendered":"<p>Como comemora\u00e7\u00e3o do Dia Nacional do Livro, a Prefeitura de Corumb\u00e1, por meio da Secretaria Municipal de Educa\u00e7\u00e3o participa da Frente de Mobiliza\u00e7\u00e3o pela Leitura, que traz um desafio a todos: realizar, nesta segunda-feira, 29 de outubro, uma a\u00e7\u00e3o de leitura e postar no Facebook &#8211; #diadodesafiodaleitura.<\/p>\n<p>&nbsp;<\/p>\n<p>Na escola, no trabalho, no com\u00e9rcio, na pra\u00e7a, o lugar n\u00e3o importa, re\u00fana amigos, colegas ou familiares e leiam um livro, recitem um poema, contem uma hist\u00f3ria, ou\u00e7am uma hist\u00f3ria. A iniciativa quer ver Corumb\u00e1 transformada numa cidade de leitores.<\/p>\n<p>&nbsp;<\/p>\n<p>A a\u00e7\u00e3o faz parte de uma parceria da Secretaria Municipal de Educa\u00e7\u00e3o com Votorantim pela Educa\u00e7\u00e3o, firmada em fevereiro deste ano. A iniciativa vem contribuindo com a melhoria da educa\u00e7\u00e3o no Munic\u00edpio por meio da qualifica\u00e7\u00e3o das pr\u00e1ticas de gest\u00e3o educacional e escolar e da mobiliza\u00e7\u00e3o social da comunidade local.<\/p>\n<p>&nbsp;<\/p>\n<p>A a\u00e7\u00e3o fortaleceu a Frente de Mobiliza\u00e7\u00e3o Social pela Educa\u00e7\u00e3o em nossa cidade, que este ano tem como tema leitura. Durante o ano, a SEMED e parceiros estrat\u00e9gicos como a Funda\u00e7\u00e3o de Cultura, o Moinho Cultural, a Biblioteca do SESI e educadores sociais volunt\u00e1rios levaram\u00a0 a\u00e7\u00f5es de leitura \u00e0 diversas regi\u00f5es da cidade.<\/p>\n<p><strong>O Dia Nacional do Livro<\/strong><\/p>\n<p>&nbsp;<\/p>\n<p>No dia 29 de outubro \u00e9 comemorado o Dia Nacional do Livro, uma homenagem \u00e0 Biblioteca Nacional, fundada no Brasil em 1810 pela coroa portuguesa.<\/p>\n","protected":false},"excerpt":{"rendered":"<p>Como comemora\u00e7\u00e3o do Dia Nacional do Livro, a Prefeitura de Corumb\u00e1, por meio da Secretaria&#8230;<\/p>\n","protected":false},"author":1,"featured_media":0,"comment_status":"closed","ping_status":"closed","sticky":false,"template":"","format":"standard","meta":{"footnotes":""},"categories":[10],"tags":[],"class_list":["post-24228","post","type-post","status-publish","format-standard","hentry","category-educacao"],"_links":{"self":[{"href":"https:\/\/www.corumbaonline.com.br\/news\/wp-json\/wp\/v2\/posts\/24228","targetHints":{"allow":["GET"]}}],"collection":[{"href":"https:\/\/www.corumbaonline.com.br\/news\/wp-json\/wp\/v2\/posts"}],"about":[{"href":"https:\/\/www.corumbaonline.com.br\/news\/wp-json\/wp\/v2\/types\/post"}],"author":[{"embeddable":true,"href":"https:\/\/www.corumbaonline.com.br\/news\/wp-json\/wp\/v2\/users\/1"}],"replies":[{"embeddable":true,"href":"https:\/\/www.corumbaonline.com.br\/news\/wp-json\/wp\/v2\/comments?post=24228"}],"version-history":[{"count":1,"href":"https:\/\/www.corumbaonline.com.br\/news\/wp-json\/wp\/v2\/posts\/24228\/revisions"}],"predecessor-version":[{"id":24229,"href":"https:\/\/www.corumbaonline.com.br\/news\/wp-json\/wp\/v2\/posts\/24228\/revisions\/24229"}],"wp:attachment":[{"href":"https:\/\/www.corumbaonline.com.br\/news\/wp-json\/wp\/v2\/media?parent=24228"}],"wp:term":[{"taxonomy":"category","embeddable":true,"href":"https:\/\/www.corumbaonline.com.br\/news\/wp-json\/wp\/v2\/categories?post=24228"},{"taxonomy":"post_tag","embeddable":true,"href":"https:\/\/www.corumbaonline.com.br\/news\/wp-json\/wp\/v2\/tags?post=24228"}],"curies":[{"name":"wp","href":"https:\/\/api.w.org\/{rel}","templated":true}]}}