{"id":24239,"date":"2018-10-29T14:00:59","date_gmt":"2018-10-29T18:00:59","guid":{"rendered":"http:\/\/www.corumbaonline.com.br\/news\/?p=24239"},"modified":"2018-10-29T18:48:38","modified_gmt":"2018-10-29T22:48:38","slug":"ifms-divulga-resultado-de-isencao-para-exame-de-selecao","status":"publish","type":"post","link":"https:\/\/www.corumbaonline.com.br\/news\/ifms-divulga-resultado-de-isencao-para-exame-de-selecao\/","title":{"rendered":"IFMS divulga resultado de isen\u00e7\u00e3o para Exame de Sele\u00e7\u00e3o"},"content":{"rendered":"<p>O Instituto Federal de Mato Grosso do Sul (IFMS) divulgou na sexta-feira (26) o resultado preliminar dos pedidos de isen\u00e7\u00e3o da taxa de inscri\u00e7\u00e3o do Exame de Sele\u00e7\u00e3o 2019, processo seletivo para ingresso nos cursos t\u00e9cnicos integrados oferecidos gratuitamente pela institui\u00e7\u00e3o.\u00a0Puderam solicitar a isen\u00e7\u00e3o aqueles que comprovassem escolaridade na rede p\u00fablica.<\/p>\n<p>O documento est\u00e1 dispon\u00edvel na Central de Sele\u00e7\u00e3o. O endere\u00e7o \u00e9\u00a0<a href=\"http:\/\/www.ifms.edu.br:9000\/lists\/lt.php?tid=KxlUBVIOWlMFVUtXAlBSTlBUBQROAA0KBxtbXwVVUQlVVgFRVFofVQJWAloBWABOXF0BA04NAQ8AG1pSUAVPBFEAVAcEClQDVVNWH1ICAwYCUlcDTghaXAYbDFZQBk8JVlZUH1AKVgBWAgNWVAIABw\" target=\"_blank\" rel=\"noopener noreferrer\">www.ifms.edu.br\/centraldeselecao<\/a>.<\/p>\n<p>O candidato que teve o pedido de isen\u00e7\u00e3o indeferido poder\u00e1 interpor recurso nesta segunda e ter\u00e7a-feira, 29 e 30, por meio da P\u00e1gina do Candidato da Central.<\/p>\n<p>A publica\u00e7\u00e3o do resultado final dos pedidos de isen\u00e7\u00e3o est\u00e1 prevista para 1\u00ba de novembro. Os candidatos que tiverem a solicita\u00e7\u00e3o definitivamente negada dever\u00e3o pagar a taxa de inscri\u00e7\u00e3o, no valor de R$ 25,00, at\u00e9 8 de novembro.<\/p>\n<p><strong>Vagas &#8211;<\/strong>\u00a0S\u00e3o ofertadas 1.350 vagas nos campi Aquidauana, Campo Grande, Corumb\u00e1, Coxim, Dourados, Jardim, Navira\u00ed, Nova Andradina, Ponta Por\u00e3 e Tr\u00eas Lagoas. S\u00e3o nove op\u00e7\u00f5es de cursos t\u00e9cnicos integrados:<\/p>\n<ul>\n<li>Agricultura;<\/li>\n<li>Agropecu\u00e1ria<\/li>\n<li>Alimentos;<\/li>\n<li>Edifica\u00e7\u00f5es;<\/li>\n<li>Eletrot\u00e9cnica;<\/li>\n<li>Inform\u00e1tica;<\/li>\n<li>Inform\u00e1tica para Internet;<\/li>\n<li>Mec\u00e2nica;<\/li>\n<li>Metalurgia.<\/li>\n<\/ul>\n<p>Nesse tipo de curso, o estudante cursa o ensino m\u00e9dio e um curso t\u00e9cnico ao mesmo tempo.<\/p>\n<p>Para concorrer a uma vaga, \u00e9 necess\u00e1rio ter conclu\u00eddo o ensino fundamental at\u00e9 a data da matr\u00edcula no IFMS, prevista para janeiro de 2019. Outro requisito \u00e9 ter o Cadastro de Pessoa F\u00edsica (CPF) em seu nome, j\u00e1 que o n\u00famero deve ser informado no ato da inscri\u00e7\u00e3o.<\/p>\n<p>Todas as regras e demais informa\u00e7\u00f5es est\u00e3o dispon\u00edveis no edital de abertura do processo seletivo, publicado na Central de Sele\u00e7\u00e3o.<\/p>\n<p><strong>Inscri\u00e7\u00f5es &#8211;<\/strong>\u00a0Os interessados em estudar no IFMS ainda podem se inscrever no Exame de Sele\u00e7\u00e3o 2019. O prazo segue at\u00e9 5 de novembro.<\/p>\n<p>Para isso, \u00e9 necess\u00e1rio acessar a P\u00e1gina do Candidato da Central. O primeiro passo \u00e9 fazer o cadastro. Quem j\u00e1 \u00e9 cadastrado no sistema n\u00e3o precisa preencher os dados novamente. Depois, \u00e9 s\u00f3 fazer a inscri\u00e7\u00e3o, escolhendo uma das op\u00e7\u00f5es de campus, curso e turno oferecidos.<\/p>\n<p><strong>A\u00e7\u00e3o Afirmativa (Cotas) &#8211;<\/strong>\u00a0Metade das vagas oferecidas \u00e9 reservada a candidatos que cursaram todas as s\u00e9ries do ensino fundamental na rede p\u00fablica. Desse total, h\u00e1 cotas aos que comprovarem renda familiar bruta mensal\u00a0<em>per capita<\/em>\u00a0igual ou inferior a um sal\u00e1rio m\u00ednimo e meio, aos que se autodeclararem pretos, pardos e ind\u00edgenas, e a pessoas com defici\u00eancia.<\/p>\n<p>A op\u00e7\u00e3o de benefici\u00e1rio de a\u00e7\u00e3o afirmativa (cotista) dever\u00e1 ser informada no ato da inscri\u00e7\u00e3o. Para mais informa\u00e7\u00f5es sobre o assunto, o candidato interessado dever\u00e1 ler atentamente ao item 2 do edital.<\/p>\n<p>No anexo II do edital est\u00e1 disponibilizada a tabela completa das vagas, com as divis\u00f5es para candidatos de ampla concorr\u00eancia e das a\u00e7\u00f5es afirmativas.<\/p>\n<p><strong>Prova &#8211;<\/strong>\u00a0Ser\u00e1 aplicada no dia 25 de novembro, nos dez munic\u00edpios onde o IFMS tem campus.<\/p>\n<p>Os candidatos dever\u00e3o responder 50 quest\u00f5es de m\u00faltipla escolha, sendo 20 de l\u00edngua portuguesa, 20 de matem\u00e1tica e 10 de conhecimentos gerais, conforme conte\u00fado program\u00e1tico disponibilizado.<\/p>\n<p>O gabarito dever\u00e1 ser divulgado no dia seguinte. A previs\u00e3o \u00e9 que resultado final e a primeira chamada sejam publicados no dia 19 de dezembro.<\/p>\n<p>Todas as informa\u00e7\u00f5es sobre o processo seletivo est\u00e3o dispon\u00edveis na p\u00e1gina do Exame. Em caso de d\u00favidas, o contato com a Comiss\u00e3o do Exame de Sele\u00e7\u00e3o 2019 deve ser feito pelo e-mail processoseletivo@ifms.edu.br.<\/p>\n<p><strong>Quadro de Vagas<\/strong><\/p>\n<table border=\"1\" width=\"80%\" cellspacing=\"0\" cellpadding=\"0\">\n<tbody>\n<tr>\n<td><strong>Munic\u00edpio<\/strong><\/td>\n<td><strong>Curso<\/strong><\/td>\n<td><strong>Turno<\/strong><\/td>\n<td><strong>Vagas<\/strong><\/td>\n<\/tr>\n<tr>\n<td rowspan=\"4\">Aquidauana<\/td>\n<td rowspan=\"2\">Edifica\u00e7\u00f5es<\/td>\n<td>Matutino<\/td>\n<td>40<\/td>\n<\/tr>\n<tr>\n<td>Vespertino<\/td>\n<td>40<\/td>\n<\/tr>\n<tr>\n<td rowspan=\"2\">Inform\u00e1tica<\/td>\n<td>Matutino<\/td>\n<td>40<\/td>\n<\/tr>\n<tr>\n<td>Vespertino<\/td>\n<td>40<\/td>\n<\/tr>\n<tr>\n<td rowspan=\"3\">Campo Grande<\/td>\n<td>Eletrot\u00e9cnica<\/td>\n<td>Matutino<\/td>\n<td>40<\/td>\n<\/tr>\n<tr>\n<td>Inform\u00e1tica<\/td>\n<td>Vespertino<\/td>\n<td>40<\/td>\n<\/tr>\n<tr>\n<td>Mec\u00e2nica<\/td>\n<td>Vespertino<\/td>\n<td>40<\/td>\n<\/tr>\n<tr>\n<td rowspan=\"2\">Corumb\u00e1<\/td>\n<td>Inform\u00e1tica<\/td>\n<td>Matutino<\/td>\n<td>40<\/td>\n<\/tr>\n<tr>\n<td>Metalurgia<\/td>\n<td>Vespertino<\/td>\n<td>40<\/td>\n<\/tr>\n<tr>\n<td rowspan=\"2\">Coxim<\/td>\n<td>Alimentos<\/td>\n<td>Matutino<\/td>\n<td>80<\/td>\n<\/tr>\n<tr>\n<td>Inform\u00e1tica<\/td>\n<td>Matutino<\/td>\n<td>80<\/td>\n<\/tr>\n<tr>\n<td rowspan=\"2\">Dourados<\/td>\n<td rowspan=\"2\">Inform\u00e1tica para Internet<\/td>\n<td>Matutino\u00b9<\/td>\n<td>80<\/td>\n<\/tr>\n<tr>\n<td>Vespertino\u00b2<\/td>\n<td>40<\/td>\n<\/tr>\n<tr>\n<td rowspan=\"2\">Jardim<\/td>\n<td>Edifica\u00e7\u00f5es<\/td>\n<td>Matutino\u00b9<\/td>\n<td>35<\/td>\n<\/tr>\n<tr>\n<td>Inform\u00e1tica<\/td>\n<td>Matutino\u00b9<\/td>\n<td>35<\/td>\n<\/tr>\n<tr>\n<td rowspan=\"4\">Navira\u00ed<\/td>\n<td rowspan=\"2\">Agricultura<\/td>\n<td>Matutino\u00b9<\/td>\n<td>40<\/td>\n<\/tr>\n<tr>\n<td>Vespertino\u00b2<\/td>\n<td>40<\/td>\n<\/tr>\n<tr>\n<td rowspan=\"2\">Inform\u00e1tica para Internet<\/td>\n<td>Matutino\u00b9<\/td>\n<td>40<\/td>\n<\/tr>\n<tr>\n<td>Vespertino\u00b2<\/td>\n<td>40<\/td>\n<\/tr>\n<tr>\n<td rowspan=\"2\">Nova Andradina<\/td>\n<td>Agropecu\u00e1ria<\/td>\n<td>Matutino e Vespertino<\/td>\n<td>80<\/td>\n<\/tr>\n<tr>\n<td>Inform\u00e1tica<\/td>\n<td>Vespertino<\/td>\n<td>80<\/td>\n<\/tr>\n<tr>\n<td rowspan=\"4\">Ponta Por\u00e3<\/td>\n<td rowspan=\"2\">Agricultura<\/td>\n<td>Matutino<\/td>\n<td>40<\/td>\n<\/tr>\n<tr>\n<td>Vespertino<\/td>\n<td>40<\/td>\n<\/tr>\n<tr>\n<td rowspan=\"2\">Inform\u00e1tica<\/td>\n<td>Matutino<\/td>\n<td>40<\/td>\n<\/tr>\n<tr>\n<td>Vespertino<\/td>\n<td>40<\/td>\n<\/tr>\n<tr>\n<td rowspan=\"2\">Tr\u00eas Lagoas<\/td>\n<td>Eletrot\u00e9cnica<\/td>\n<td>Matutino<\/td>\n<td>80<\/td>\n<\/tr>\n<tr>\n<td>Inform\u00e1tica<\/td>\n<td>Vespertino<\/td>\n<td>80<\/td>\n<\/tr>\n<\/tbody>\n<\/table>\n","protected":false},"excerpt":{"rendered":"<p>O Instituto Federal de Mato Grosso do Sul (IFMS) divulgou na sexta-feira (26) o resultado&#8230;<\/p>\n","protected":false},"author":1,"featured_media":0,"comment_status":"closed","ping_status":"closed","sticky":false,"template":"","format":"standard","meta":{"footnotes":""},"categories":[10],"tags":[],"class_list":["post-24239","post","type-post","status-publish","format-standard","hentry","category-educacao"],"_links":{"self":[{"href":"https:\/\/www.corumbaonline.com.br\/news\/wp-json\/wp\/v2\/posts\/24239","targetHints":{"allow":["GET"]}}],"collection":[{"href":"https:\/\/www.corumbaonline.com.br\/news\/wp-json\/wp\/v2\/posts"}],"about":[{"href":"https:\/\/www.corumbaonline.com.br\/news\/wp-json\/wp\/v2\/types\/post"}],"author":[{"embeddable":true,"href":"https:\/\/www.corumbaonline.com.br\/news\/wp-json\/wp\/v2\/users\/1"}],"replies":[{"embeddable":true,"href":"https:\/\/www.corumbaonline.com.br\/news\/wp-json\/wp\/v2\/comments?post=24239"}],"version-history":[{"count":1,"href":"https:\/\/www.corumbaonline.com.br\/news\/wp-json\/wp\/v2\/posts\/24239\/revisions"}],"predecessor-version":[{"id":24240,"href":"https:\/\/www.corumbaonline.com.br\/news\/wp-json\/wp\/v2\/posts\/24239\/revisions\/24240"}],"wp:attachment":[{"href":"https:\/\/www.corumbaonline.com.br\/news\/wp-json\/wp\/v2\/media?parent=24239"}],"wp:term":[{"taxonomy":"category","embeddable":true,"href":"https:\/\/www.corumbaonline.com.br\/news\/wp-json\/wp\/v2\/categories?post=24239"},{"taxonomy":"post_tag","embeddable":true,"href":"https:\/\/www.corumbaonline.com.br\/news\/wp-json\/wp\/v2\/tags?post=24239"}],"curies":[{"name":"wp","href":"https:\/\/api.w.org\/{rel}","templated":true}]}}