{"id":24243,"date":"2018-10-30T08:05:12","date_gmt":"2018-10-30T12:05:12","guid":{"rendered":"http:\/\/www.corumbaonline.com.br\/news\/?p=24243"},"modified":"2018-10-30T07:11:26","modified_gmt":"2018-10-30T11:11:26","slug":"bolsonaro-faz-reuniao-de-trabalho-no-rio-para-definir-transicao","status":"publish","type":"post","link":"https:\/\/www.corumbaonline.com.br\/news\/bolsonaro-faz-reuniao-de-trabalho-no-rio-para-definir-transicao\/","title":{"rendered":"Bolsonaro faz reuni\u00e3o de trabalho no Rio para definir transi\u00e7\u00e3o"},"content":{"rendered":"<p>O presidente eleito Jair Bolsonaro (PSL) deve fazer hoje (30) a primeira reuni\u00e3o de trabalho com aliados mais pr\u00f3ximos para definir os rumos do governo de transi\u00e7\u00e3o. O deputado \u00a0federal Onyx Lorenzoni (DEM-RS), confirmado para a Casa Civil, apresentar\u00e1 os dados coletados durante reuni\u00f5es em Bras\u00edlia com o ministro-chefe da Casa Civil, Eliseu Padilha, que coordena a equipe de transi\u00e7\u00e3o do governo Michel Temer.<\/p>\n<p>O pr\u00f3prio Onyx \u00a0confirmou a reuni\u00e3o. A previs\u00e3o inicial era de que Bolsonaro viajasse para Bras\u00edlia hoje. Mas ontem (29) o presidente eleito disse que ir\u00e1 \u00e0 capital na pr\u00f3xima semana e que a \u201cprimeira pessoa\u201d que pretende encontrar \u00e9 Temer.<\/p>\n<div class=\"dnd-widget-wrapper context-cheio_8colunas type-image\">\n<div class=\"dnd-atom-rendered\">\n<figure class=\"mejs-fotoh-wrapper\">\n<p><figure style=\"width: 754px\" class=\"wp-caption alignnone\"><img loading=\"lazy\" decoding=\"async\" class=\"img-responsive full full\" title=\"CCBB de Bras\u00edlia \/ Divulga\u00e7\u00e3o\/CCBB\/Ag\u00eancia Brasil\" src=\"http:\/\/imagens.ebc.com.br\/bzOfmtfkOCy1_L_YdaqjG5Mocp4=\/754x0\/smart\/http:\/\/agenciabrasil.ebc.com.br\/sites\/default\/files\/thumbnails\/image\/ccbb_de_brasilia_divulgacao_ccbb.jpg?itok=f0_dKxGP\" alt=\"CCBB de Bras\u00edlia \/ Divulga\u00e7\u00e3o\/CCBB\" width=\"754\" height=\"502\" \/><figcaption class=\"wp-caption-text\">CCBB de Bras\u00edlia, onde vai trabalhar a equipe de transi\u00e7\u00e3o (Divulga\u00e7\u00e3o\/CCBB)<\/figcaption><\/figure><\/figure>\n<\/div>\n<\/div>\n<p>Na reuni\u00e3o de hoje, no Rio de Janeiro, a expectativa \u00e9 de que participem os integrantes do chamado \u201cn\u00facleo duro\u201d, que s\u00e3o os assessores mais pr\u00f3ximos de Bolsonaro. Al\u00e9m de Onyx, devem estar presentes o general da reserva Augusto Heleno, confirmado para a Defesa, o economista Paulo Guedes, que deve assumir o Minist\u00e9rio da Fazenda (ou Economia, se houver fus\u00e3o com outra pasta), e o presidente nacional do PSL, Gustavo Bebianno.<\/p>\n<p>Em entrevista ontem \u00e0 TV Record, Bolsonaro disse que s\u00e3o &#8220;estarrecedores&#8221; os dados sobre a m\u00e1quina administrativa federal, sobretudo a respeito do n\u00famero de funcion\u00e1rios e despesas. Ele reiterou que pretende privatizar ou extinguir algumas empresas, mas que n\u00e3o ir\u00e1 prejudicar os funcion\u00e1rios p\u00fablicos.<\/p>\n<p>Tamb\u00e9m afirmou que sua inten\u00e7\u00e3o \u00e9 reduzir o n\u00famero de minist\u00e9rios. Anteriormente, ele afirmou que gostaria de diminuir de 29 para 15.<\/p>\n<p><strong>Transi\u00e7\u00e3o<\/strong><\/p>\n<p>Padilha disse conversar\u00e1 amanh\u00e3 (31) com Onyx, quando espera receber os\u00a0<a href=\"http:\/\/agenciabrasil.ebc.com.br\/politica\/noticia\/2018-10\/primeiros-nomes-da-equipe-de-transicao-de-bolsonaro-saem-na-quarta\" target=\"_blank\" rel=\"noopener noreferrer\">primeiros nomes da equipe de transi\u00e7\u00e3o<\/a>\u00a0do novo governo. A equipe deve reunir at\u00e9 50 nomes de pessoas que v\u00e3o trabalhar em um ambiente organizado exclusivamente para este momento, que \u00e9 o Centro Cultural do Banco do Brasil (CCBB), em Bras\u00edlia.<\/p>\n<p>Essas 50 pessoas ser\u00e3o nomeadas para Cargos Especiais de Transi\u00e7\u00e3o Governamental. Esses cargos poder\u00e3o ser ocupados a partir desta ter\u00e7a-feira (30) e devem ficar vagos at\u00e9 o dia 10 de janeiro, conforme disposi\u00e7\u00e3o legal.<\/p>\n<p>A equipe nomeada em car\u00e1ter especial receber\u00e1 sal\u00e1rios que v\u00e3o de R$ 2.585,13 a R$ 16.581,49. S\u00e3o oito cargos diferentes, de indica\u00e7\u00e3o de Bolsonaro. Vinte e cinco desses indicados receber\u00e3o R$ 9.926,60 e dez ter\u00e3o sal\u00e1rio de R$ 13.036,74. S\u00e3o os dois cargos com o maior n\u00famero de ocupantes. O cargo de coordenador \u00e9 o de maior sal\u00e1rio, mas se Onyx Lorenzoni for o indicado, ele n\u00e3o poder\u00e1 receber a remunera\u00e7\u00e3o, uma vez que j\u00e1 recebe como deputado federal e n\u00e3o poder\u00e1 acumular as duas fun\u00e7\u00f5es.<\/p>\n<p>Ontem, Bolsonaro afirmou que a transi\u00e7\u00e3o transcorrer\u00e1 \u201cem tranq\u00fcilidade\u201d e agradeceu o apoio de Temer neste per\u00edodo. Padilha, por sua vez, disse que Temer pensa da mesma forma.<\/p>\n<p>\u201cA inten\u00e7\u00e3o do presidente Michel Temer \u00e9 fazer uma transi\u00e7\u00e3o com a maior transpar\u00eancia poss\u00edvel, ofertando todas as informa\u00e7\u00f5es que estejam dispon\u00edveis no governo e sejam solicitadas, para que tenhamos, desde logo, o Brasil andando.\u201d<\/p>\n","protected":false},"excerpt":{"rendered":"<p>O presidente eleito Jair Bolsonaro (PSL) deve fazer hoje (30) a primeira reuni\u00e3o de trabalho&#8230;<\/p>\n","protected":false},"author":1,"featured_media":0,"comment_status":"closed","ping_status":"closed","sticky":false,"template":"","format":"standard","meta":{"footnotes":""},"categories":[19],"tags":[],"class_list":["post-24243","post","type-post","status-publish","format-standard","hentry","category-politica"],"_links":{"self":[{"href":"https:\/\/www.corumbaonline.com.br\/news\/wp-json\/wp\/v2\/posts\/24243","targetHints":{"allow":["GET"]}}],"collection":[{"href":"https:\/\/www.corumbaonline.com.br\/news\/wp-json\/wp\/v2\/posts"}],"about":[{"href":"https:\/\/www.corumbaonline.com.br\/news\/wp-json\/wp\/v2\/types\/post"}],"author":[{"embeddable":true,"href":"https:\/\/www.corumbaonline.com.br\/news\/wp-json\/wp\/v2\/users\/1"}],"replies":[{"embeddable":true,"href":"https:\/\/www.corumbaonline.com.br\/news\/wp-json\/wp\/v2\/comments?post=24243"}],"version-history":[{"count":1,"href":"https:\/\/www.corumbaonline.com.br\/news\/wp-json\/wp\/v2\/posts\/24243\/revisions"}],"predecessor-version":[{"id":24244,"href":"https:\/\/www.corumbaonline.com.br\/news\/wp-json\/wp\/v2\/posts\/24243\/revisions\/24244"}],"wp:attachment":[{"href":"https:\/\/www.corumbaonline.com.br\/news\/wp-json\/wp\/v2\/media?parent=24243"}],"wp:term":[{"taxonomy":"category","embeddable":true,"href":"https:\/\/www.corumbaonline.com.br\/news\/wp-json\/wp\/v2\/categories?post=24243"},{"taxonomy":"post_tag","embeddable":true,"href":"https:\/\/www.corumbaonline.com.br\/news\/wp-json\/wp\/v2\/tags?post=24243"}],"curies":[{"name":"wp","href":"https:\/\/api.w.org\/{rel}","templated":true}]}}