{"id":24245,"date":"2018-10-30T08:11:43","date_gmt":"2018-10-30T12:11:43","guid":{"rendered":"http:\/\/www.corumbaonline.com.br\/news\/?p=24245"},"modified":"2018-10-30T07:13:28","modified_gmt":"2018-10-30T11:13:28","slug":"contemplados-do-flamboyant-i-tem-ate-dia-31-para-assinarem-contrato","status":"publish","type":"post","link":"https:\/\/www.corumbaonline.com.br\/news\/contemplados-do-flamboyant-i-tem-ate-dia-31-para-assinarem-contrato\/","title":{"rendered":"Contemplados do Flamboyant I tem at\u00e9 dia 31 para assinarem contrato"},"content":{"rendered":"<p>A Prefeitura de Corumb\u00e1, por meio da Secretaria de Infraestrutura e Servi\u00e7os P\u00fablicos, convoca os benefici\u00e1rios abaixo relacionados do Programa Minha Casa Minha Vida, empreendimento Flamboyant I, a comparecer na sede da Ger\u00eancia de Habita\u00e7\u00e3o, localizada na avenida General Rondon, n.\u00ba 985, esquina com a Rua Frei Mariano, at\u00e9 o dia 31 de outubro de 2018, das 07:30h \u00e0s 12:30h, para assinar o contrato sob pena, de ser substitu\u00eddo por outro candidato do cadastro reserva.<\/p>\n<p>&nbsp;<\/p>\n<p>A medida atende \u00e0 Lei Federal n.\u00ba 11.977, de Julho de 2009, \u00e0 Portaria Interministerial n.\u00ba 99 de 30 de mar\u00e7o de 2016, e \u00e0 Portaria do Minist\u00e9rio das Cidades n.\u00ba 163 de 06 de Maio de 2016.<\/p>\n<table border=\"1\" cellspacing=\"0\" cellpadding=\"0\">\n<tbody>\n<tr>\n<td valign=\"top\" width=\"41\"><strong>QT<\/strong><\/td>\n<td valign=\"top\" width=\"525\"><strong>Benefici\u00e1rio<\/strong><\/td>\n<\/tr>\n<tr>\n<td valign=\"top\" width=\"41\"><strong>01<\/strong><\/td>\n<td valign=\"top\" width=\"525\">Alcides Concei\u00e7\u00e3o<\/td>\n<\/tr>\n<tr>\n<td valign=\"top\" width=\"41\"><strong>02<\/strong><\/td>\n<td valign=\"top\" width=\"525\">Aline Cristina Oliveira de Souza<\/td>\n<\/tr>\n<tr>\n<td valign=\"top\" width=\"41\"><strong>03<\/strong><\/td>\n<td valign=\"top\" width=\"525\">Alzira Farias Crispim<\/td>\n<\/tr>\n<tr>\n<td valign=\"top\" width=\"41\"><strong>04<\/strong><\/td>\n<td valign=\"top\" width=\"525\">Denise Beatriz Esteves<\/td>\n<\/tr>\n<tr>\n<td valign=\"top\" width=\"41\"><strong>05<\/strong><\/td>\n<td valign=\"top\" width=\"525\">Edil Silva Senne<\/td>\n<\/tr>\n<tr>\n<td valign=\"top\" width=\"41\"><strong>06<\/strong><\/td>\n<td valign=\"top\" width=\"525\">Edilson Rafael Correa Rodrigues<\/td>\n<\/tr>\n<tr>\n<td valign=\"top\" width=\"41\"><strong>07<\/strong><\/td>\n<td valign=\"top\" width=\"525\">Graciane Ferreira da Costa<\/td>\n<\/tr>\n<tr>\n<td valign=\"top\" width=\"41\"><strong>08<\/strong><\/td>\n<td valign=\"top\" width=\"525\">Jefferson Dias de Oliveira<\/td>\n<\/tr>\n<tr>\n<td valign=\"top\" width=\"41\"><strong>09<\/strong><\/td>\n<td valign=\"top\" width=\"525\">Jessica Pereira Lopes<\/td>\n<\/tr>\n<tr>\n<td valign=\"top\" width=\"41\"><strong>10<\/strong><\/td>\n<td valign=\"top\" width=\"525\">Josele da Silva Gomes<\/td>\n<\/tr>\n<tr>\n<td valign=\"top\" width=\"41\"><strong>11<\/strong><\/td>\n<td valign=\"top\" width=\"525\">Judith Pereira da Silva<\/td>\n<\/tr>\n<tr>\n<td valign=\"top\" width=\"41\"><strong>12<\/strong><\/td>\n<td valign=\"top\" width=\"525\">Maria Para Gomes<\/td>\n<\/tr>\n<tr>\n<td valign=\"top\" width=\"41\"><strong>13<\/strong><\/td>\n<td valign=\"top\" width=\"525\">Maria Cristina Flores<\/td>\n<\/tr>\n<tr>\n<td valign=\"top\" width=\"41\"><strong>14<\/strong><\/td>\n<td valign=\"top\" width=\"525\">Marlene Mendes Cassia<\/td>\n<\/tr>\n<tr>\n<td valign=\"top\" width=\"41\"><strong>15<\/strong><\/td>\n<td valign=\"top\" width=\"525\">Paula Helena Pereira Massaranduba Alves<\/td>\n<\/tr>\n<tr>\n<td valign=\"top\" width=\"41\"><strong>16<\/strong><\/td>\n<td valign=\"top\" width=\"525\">Patricia Sim\u00f5es Monteiro<\/td>\n<\/tr>\n<\/tbody>\n<\/table>\n","protected":false},"excerpt":{"rendered":"<p>A Prefeitura de Corumb\u00e1, por meio da Secretaria de Infraestrutura e Servi\u00e7os P\u00fablicos, convoca os&#8230;<\/p>\n","protected":false},"author":1,"featured_media":24246,"comment_status":"closed","ping_status":"closed","sticky":false,"template":"","format":"standard","meta":{"footnotes":""},"categories":[14],"tags":[],"class_list":["post-24245","post","type-post","status-publish","format-standard","has-post-thumbnail","hentry","category-geral"],"_links":{"self":[{"href":"https:\/\/www.corumbaonline.com.br\/news\/wp-json\/wp\/v2\/posts\/24245","targetHints":{"allow":["GET"]}}],"collection":[{"href":"https:\/\/www.corumbaonline.com.br\/news\/wp-json\/wp\/v2\/posts"}],"about":[{"href":"https:\/\/www.corumbaonline.com.br\/news\/wp-json\/wp\/v2\/types\/post"}],"author":[{"embeddable":true,"href":"https:\/\/www.corumbaonline.com.br\/news\/wp-json\/wp\/v2\/users\/1"}],"replies":[{"embeddable":true,"href":"https:\/\/www.corumbaonline.com.br\/news\/wp-json\/wp\/v2\/comments?post=24245"}],"version-history":[{"count":1,"href":"https:\/\/www.corumbaonline.com.br\/news\/wp-json\/wp\/v2\/posts\/24245\/revisions"}],"predecessor-version":[{"id":24247,"href":"https:\/\/www.corumbaonline.com.br\/news\/wp-json\/wp\/v2\/posts\/24245\/revisions\/24247"}],"wp:featuredmedia":[{"embeddable":true,"href":"https:\/\/www.corumbaonline.com.br\/news\/wp-json\/wp\/v2\/media\/24246"}],"wp:attachment":[{"href":"https:\/\/www.corumbaonline.com.br\/news\/wp-json\/wp\/v2\/media?parent=24245"}],"wp:term":[{"taxonomy":"category","embeddable":true,"href":"https:\/\/www.corumbaonline.com.br\/news\/wp-json\/wp\/v2\/categories?post=24245"},{"taxonomy":"post_tag","embeddable":true,"href":"https:\/\/www.corumbaonline.com.br\/news\/wp-json\/wp\/v2\/tags?post=24245"}],"curies":[{"name":"wp","href":"https:\/\/api.w.org\/{rel}","templated":true}]}}