{"id":24253,"date":"2018-10-30T08:27:37","date_gmt":"2018-10-30T12:27:37","guid":{"rendered":"http:\/\/www.corumbaonline.com.br\/news\/?p=24253"},"modified":"2018-10-30T07:27:07","modified_gmt":"2018-10-30T11:27:07","slug":"pt-se-reune-em-sao-paulo-para-primeira-avaliacao-apos-as-eleicoes","status":"publish","type":"post","link":"https:\/\/www.corumbaonline.com.br\/news\/pt-se-reune-em-sao-paulo-para-primeira-avaliacao-apos-as-eleicoes\/","title":{"rendered":"PT se re\u00fane em S\u00e3o Paulo para primeira avalia\u00e7\u00e3o ap\u00f3s as elei\u00e7\u00f5es"},"content":{"rendered":"<p>Dois dias depois do segundo turno das elei\u00e7\u00f5es em que o candidato \u00e0 Presid\u00eancia da Rep\u00fablica, Fernando Haddad (PT), foi derrotado, a Comiss\u00e3o Executiva Nacional do PT se re\u00fane hoje (30) em S\u00e3o Paulo. Ser\u00e1 a primeira reuni\u00e3o de avalia\u00e7\u00e3o ap\u00f3s a vit\u00f3ria do presidente eleito Jair Bolsonaro (PSL).<\/p>\n<p>Nas redes sociais e no\u00a0<em>site<\/em>\u00a0do partido, a presidente nacional do PT, a senadora Gleisi Hoffmann (PR), eleita para a C\u00e2mara dos Deputados, reafirmou que \u00e9 necess\u00e1rio \u201cerguer a cabe\u00e7a\u201d e manter a luta.<\/p>\n<p>\u201cUma derrota eleitoral n\u00e3o pode significar a derrota da Constitui\u00e7\u00e3o e democracia brasileira\u201d, disse Gleisi, em v\u00eddeo gravado ap\u00f3s a divulga\u00e7\u00e3o do resultado oficial no \u00faltimo dia 28. \u201c[\u00b4Temos de] erguer a cabe\u00e7a e lutar porque essa \u00e9 a nossa trincheira.\u201d<\/p>\n<p>A assessoria do PT confirmou que Gleisi Hoffmann conceder\u00e1 entrevista coletiva \u00e0s 14h30.<\/p>\n<p>Nas redes sociais ontem (29), Haddad disse que estava \u00e0 disposi\u00e7\u00e3o do pa\u00eds e pediu que as pessoas n\u00e3o tenham medo. \u201cEu coloco a minha vida \u00e0 disposi\u00e7\u00e3o deste pa\u00eds. N\u00e3o tenham medo, n\u00f3s estaremos aqui. N\u00f3s estamos juntos. N\u00f3s estaremos de m\u00e3os dadas com voc\u00eas\u201d, disse. \u201cCoragem, a vida \u00e9 feita de coragem.\u201d<\/p>\n<p>Horas antes, o candidato do PT felicitou o advers\u00e1rio. \u201cPresidente Jair Bolsonaro, desejo-lhe sucesso. Nosso pa\u00eds merece o melhor. Escrevo essa mensagem hoje [ontem], de cora\u00e7\u00e3o leve, com sinceridade, para que ela estimule o melhor de todos n\u00f3s. Boa sorte.\u201d<\/p>\n<p>Em entrevista \u00e0 Rede Record nessa segunda-feira, Bolsonaro se disse disposto a dialogar com os candidatos derrotados nas \u00faltimas elei\u00e7\u00f5es.<\/p>\n","protected":false},"excerpt":{"rendered":"<p>Dois dias depois do segundo turno das elei\u00e7\u00f5es em que o candidato \u00e0 Presid\u00eancia da&#8230;<\/p>\n","protected":false},"author":1,"featured_media":0,"comment_status":"closed","ping_status":"closed","sticky":false,"template":"","format":"standard","meta":{"footnotes":""},"categories":[19],"tags":[],"class_list":["post-24253","post","type-post","status-publish","format-standard","hentry","category-politica"],"_links":{"self":[{"href":"https:\/\/www.corumbaonline.com.br\/news\/wp-json\/wp\/v2\/posts\/24253","targetHints":{"allow":["GET"]}}],"collection":[{"href":"https:\/\/www.corumbaonline.com.br\/news\/wp-json\/wp\/v2\/posts"}],"about":[{"href":"https:\/\/www.corumbaonline.com.br\/news\/wp-json\/wp\/v2\/types\/post"}],"author":[{"embeddable":true,"href":"https:\/\/www.corumbaonline.com.br\/news\/wp-json\/wp\/v2\/users\/1"}],"replies":[{"embeddable":true,"href":"https:\/\/www.corumbaonline.com.br\/news\/wp-json\/wp\/v2\/comments?post=24253"}],"version-history":[{"count":1,"href":"https:\/\/www.corumbaonline.com.br\/news\/wp-json\/wp\/v2\/posts\/24253\/revisions"}],"predecessor-version":[{"id":24254,"href":"https:\/\/www.corumbaonline.com.br\/news\/wp-json\/wp\/v2\/posts\/24253\/revisions\/24254"}],"wp:attachment":[{"href":"https:\/\/www.corumbaonline.com.br\/news\/wp-json\/wp\/v2\/media?parent=24253"}],"wp:term":[{"taxonomy":"category","embeddable":true,"href":"https:\/\/www.corumbaonline.com.br\/news\/wp-json\/wp\/v2\/categories?post=24253"},{"taxonomy":"post_tag","embeddable":true,"href":"https:\/\/www.corumbaonline.com.br\/news\/wp-json\/wp\/v2\/tags?post=24253"}],"curies":[{"name":"wp","href":"https:\/\/api.w.org\/{rel}","templated":true}]}}