{"id":24281,"date":"2018-10-30T11:32:12","date_gmt":"2018-10-30T15:32:12","guid":{"rendered":"http:\/\/www.corumbaonline.com.br\/news\/?p=24281"},"modified":"2018-10-30T11:50:14","modified_gmt":"2018-10-30T15:50:14","slug":"bolsonaro-reune-equipe-para-tratar-da-transicao-e-dos-ministerios","status":"publish","type":"post","link":"https:\/\/www.corumbaonline.com.br\/news\/bolsonaro-reune-equipe-para-tratar-da-transicao-e-dos-ministerios\/","title":{"rendered":"Bolsonaro re\u00fane equipe para tratar da transi\u00e7\u00e3o e dos minist\u00e9rios"},"content":{"rendered":"<p>O presidente eleito Jair Bolsonaro est\u00e1 reunido nesta manh\u00e3 (30) com o\u00a0<a href=\"http:\/\/agenciabrasil.ebc.com.br\/politica\/noticia\/2018-10\/primeiros-nomes-da-equipe-de-transicao-de-bolsonaro-saem-na-quarta\">deputado federal Onyx Lorenzoni<\/a>, que deve assumir a Casa Civil no futuro governo, e o\u00a0<a href=\"http:\/\/agenciabrasil.ebc.com.br\/economia\/noticia\/2018-10\/guedes-afirma-que-seria-natural-ilan-permanecer-no-banco-central\">economista Paulo Guedes<\/a>, futuro ministro da Fazenda, para definir os nomes para a equipe de transi\u00e7\u00e3o e do governo que se instalar\u00e1 em 1 de janeiro de 2019.<\/p>\n<p>Segundo o ex-presidente do PSL Gustavo Bebianno, a prioridade \u00e9 concluir a montagem da equipe de transi\u00e7\u00e3o, que ser\u00e1 anunciada pelo presidente eleito em momento oportuno. \u201cNingu\u00e9m est\u00e1 com pressa para indicar nada, o governo s\u00f3 come\u00e7a em primeiro de janeiro. Agora a preocupa\u00e7\u00e3o \u00e9 montar a equipe mais linha de frente, digamos assim, e a partir da\u00ed come\u00e7ar o trabalho\u201d, disse.<\/p>\n<p>Bebianno informou que est\u00e3o sendo cotados nomes tanto para a transi\u00e7\u00e3o, que n\u00e3o deve chegar aos 50 permitidos por lei, quanto para o governo. \u201cN\u00e3o sabemos nem se vamos usar os 50 nomes da transi\u00e7\u00e3o. Estamos montando uma equipe profissional de executivos capazes de olhar para o Brasil de uma forma mais organizada do que \u00e9 hoje. Quando tiver novidades vamos anunciar\u201d.<\/p>\n<div class=\"dnd-widget-wrapper context-cheio_8colunas type-image\">\n<div class=\"dnd-atom-rendered\">\n<figure class=\"mejs-fotoh-wrapper\">\n<p><figure style=\"width: 754px\" class=\"wp-caption alignnone\"><img loading=\"lazy\" decoding=\"async\" class=\"img-responsive full full\" title=\"Fernando Fraz\u00e3o\/Ag\u00eancia Brasil\/Ag\u00eancia Brasil\" src=\"http:\/\/imagens.ebc.com.br\/39q6tgWeUSuc24IHJvBvP2QP7II=\/754x0\/smart\/http:\/\/agenciabrasil.ebc.com.br\/sites\/default\/files\/thumbnails\/image\/ffraz_abr_1810186362.jpg?itok=dw6md9qx\" alt=\"O presidente do PSL, Gustavo Bebiano fala \u00e0 imprensa sobre o candidato do partido \u00e0 presid\u00eancia da Rep\u00fablica, Jair Bolsonaro, no Jardim Bot\u00e2nico.\" width=\"754\" height=\"503\" \/><figcaption class=\"wp-caption-text\">Ex-presidente do PSL Gustavo Bebiano diz que a prioridade \u00e9 concluir a montagem da equipe de transi\u00e7\u00e3o (Arquivo\/Ag\u00eancia Brasil)<\/figcaption><\/figure><\/figure>\n<\/div>\n<\/div>\n<p>Quanto aos minist\u00e9rios, ele afirmou que devem ser em torno de 15 e que tem metade dos nomes definidos, inclusive um \u201cforte\u201d para a educa\u00e7\u00e3o, mas que para a sa\u00fade ainda n\u00e3o foi escolhido. Sobre o juiz federal S\u00e9rgio Moro, Bebianno disse esperar contar com ele no futuro governo. \u201cEsperamos que ele se engaje de alguma forma, \u00e9 um nome muito emblem\u00e1tico, um nome muito importante para o Brasil, para a popula\u00e7\u00e3o do Brasil, estamos na expectativa que ele aceite se engajar de alguma forma\u201d.<\/p>\n<h2>Previd\u00eancia<\/h2>\n<p>Bebiano disse que a\u00a0<a href=\"http:\/\/agenciabrasil.ebc.com.br\/politica\/noticia\/2018-10\/bolsonaro-vai-conversar-com-temer-sobre-reforma-da-previdencia\">reforma da Previd\u00eancia\u00a0<\/a>n\u00e3o seria um dos temas tratados na reuni\u00e3o de hoje, mas que \u00e9 muito importante. \u201cN\u00e3o vamos tratar disso agora. \u00c9 interesse do Brasil resolver essa quest\u00e3o, independentemente de que governo seja, existe um d\u00e9ficit gigantesco e isso quanto mais cedo for votado, melhor. Mas isso n\u00e3o vai ser tratado hoje\u201d.<\/p>\n<p>Segundo ele, o projeto sobre o tema que est\u00e1 em discuss\u00e3o no Congresso Nacional \u00e9 \u201cum remendo\u201d. \u201cH\u00e1 reformas que poderiam ser implementadas de maneira mais efetiva, mais justa, o Paulo Guedes tem um desenho j\u00e1 bastante detalhado disso. Mas se for poss\u00edvel a aprova\u00e7\u00e3o esse ano do que est\u00e1 l\u00e1, \u00e9 melhor do que nada\u201d.<\/p>\n<h2>Imprensa<\/h2>\n<p>Bebiano destacou tamb\u00e9m que a liberdade de imprensa ser\u00e1 respeitada e n\u00e3o h\u00e1 amea\u00e7a de tirar a publicidade oficial de nenhum ve\u00edculo, mas que \u00e9 preciso \u201cter um equil\u00edbrio\u201d e \u201cseguir um crit\u00e9rio t\u00e9cnico\u201d, al\u00e9m de reduzir os gastos com publicidade do governo, que ele considera ser \u201cmuito dinheiro\u201d gasto \u201cde forma desnecess\u00e1ria\u201d.<\/p>\n<p>Um dos temas mais pol\u00eamicos durante a campanha de Bolsonaro, a quest\u00e3o de g\u00eanero, o presidente do PSL disse que tem um pensamento diferente do presidente eleito e que a quest\u00e3o n\u00e3o deve ser tutelada pelo Estado, por se tratar de uma quest\u00e3o pessoal que afeta apenas a vida \u00edntima de cada pessoa.<\/p>\n<p>\u201c\u00c9 um pensamento dele, n\u00e3o \u00e9 o meu, cada um tem o direito de ter o seu. Eu acho que quest\u00f5es sexuais s\u00e3o t\u00e3o complexas, acho que o ser humano \u00e9 t\u00e3o controvertido, t\u00e3o cheio de nuances, ningu\u00e9m pode determinar, dizer especificamente se a sexualidade \u00e9 fruto do meio ambiente, da cria\u00e7\u00e3o, se \u00e9 espiritual, isso \u00e9 uma quest\u00e3o pessoal de cada um. Simplesmente o Estado n\u00e3o tem que se meter na vida privada das pessoas\u201d.<\/p>\n","protected":false},"excerpt":{"rendered":"<p>O presidente eleito Jair Bolsonaro est\u00e1 reunido nesta manh\u00e3 (30) com o\u00a0deputado federal Onyx Lorenzoni,&#8230;<\/p>\n","protected":false},"author":1,"featured_media":0,"comment_status":"closed","ping_status":"closed","sticky":false,"template":"","format":"standard","meta":{"footnotes":""},"categories":[19],"tags":[],"class_list":["post-24281","post","type-post","status-publish","format-standard","hentry","category-politica"],"_links":{"self":[{"href":"https:\/\/www.corumbaonline.com.br\/news\/wp-json\/wp\/v2\/posts\/24281","targetHints":{"allow":["GET"]}}],"collection":[{"href":"https:\/\/www.corumbaonline.com.br\/news\/wp-json\/wp\/v2\/posts"}],"about":[{"href":"https:\/\/www.corumbaonline.com.br\/news\/wp-json\/wp\/v2\/types\/post"}],"author":[{"embeddable":true,"href":"https:\/\/www.corumbaonline.com.br\/news\/wp-json\/wp\/v2\/users\/1"}],"replies":[{"embeddable":true,"href":"https:\/\/www.corumbaonline.com.br\/news\/wp-json\/wp\/v2\/comments?post=24281"}],"version-history":[{"count":1,"href":"https:\/\/www.corumbaonline.com.br\/news\/wp-json\/wp\/v2\/posts\/24281\/revisions"}],"predecessor-version":[{"id":24282,"href":"https:\/\/www.corumbaonline.com.br\/news\/wp-json\/wp\/v2\/posts\/24281\/revisions\/24282"}],"wp:attachment":[{"href":"https:\/\/www.corumbaonline.com.br\/news\/wp-json\/wp\/v2\/media?parent=24281"}],"wp:term":[{"taxonomy":"category","embeddable":true,"href":"https:\/\/www.corumbaonline.com.br\/news\/wp-json\/wp\/v2\/categories?post=24281"},{"taxonomy":"post_tag","embeddable":true,"href":"https:\/\/www.corumbaonline.com.br\/news\/wp-json\/wp\/v2\/tags?post=24281"}],"curies":[{"name":"wp","href":"https:\/\/api.w.org\/{rel}","templated":true}]}}