{"id":24294,"date":"2018-10-31T09:12:52","date_gmt":"2018-10-31T13:12:52","guid":{"rendered":"http:\/\/www.corumbaonline.com.br\/news\/?p=24294"},"modified":"2018-10-31T10:17:10","modified_gmt":"2018-10-31T14:17:10","slug":"moro-diz-que-refletira-sobre-convite-para-compor-equipe-de-bolsonaro","status":"publish","type":"post","link":"https:\/\/www.corumbaonline.com.br\/news\/moro-diz-que-refletira-sobre-convite-para-compor-equipe-de-bolsonaro\/","title":{"rendered":"Moro diz que refletir\u00e1 sobre convite para compor equipe de Bolsonaro"},"content":{"rendered":"<p>O juiz federal Sergio Moro, respons\u00e1vel pelo julgamento de casos da Opera\u00e7\u00e3o Lava Jato, disse ontem (30) que, se confirmado o\u00a0<a href=\"http:\/\/agenciabrasil.ebc.com.br\/politica\/noticia\/2018-10\/bolsonaro-diz-que-vai-chamar-moro-para-ministerio-da-justica-ou-stf\" target=\"_blank\" rel=\"noopener noreferrer\">convite para compor<\/a>\u00a0o governo eleito de Jair Bolsonaro (PSL), ir\u00e1 refletir sobre o assunto. O magistrado disse que se sentiu \u201chonrado\u201d pela lembran\u00e7a.<\/p>\n<p>Em nota, Moro agradeceu o convite. \u201cSobre a men\u00e7\u00e3o p\u00fablica pelo senhor presidente eleito ao meu nome para compor o Supremo Tribunal Federal quando houver vaga ou para ser indicado para ministro da Justi\u00e7a em sua gest\u00e3o, apenas tenho a dizer publicamente que fico honrado com a lembran\u00e7a. Caso efetivado oportunamente o convite, ser\u00e1 objeto de ponderada discuss\u00e3o e reflex\u00e3o.\u201d<\/p>\n<p>Na segunda-feira (29), em entrevista exclusiva \u00e0 TV Record, o presidente eleito disse que em breve\u00a0<a href=\"http:\/\/agenciabrasil.ebc.com.br\/politica\/noticia\/2018-10\/bolsonaro-diz-que-vai-chamar-moro-para-ministerio-da-justica-ou-stf\" target=\"_blank\" rel=\"noopener noreferrer\">vai conversar com o magistrado<\/a>, que mora em Curitiba, mas n\u00e3o disse quando ser\u00e1 o encontro.<\/p>\n<p>Durante o mandato de quatro anos, Bolsonaro poder\u00e1 fazer duas indica\u00e7\u00f5es ao Supremo. A pr\u00f3xima vaga ser\u00e1 aberta em 2020, quando o ministro Celso de Mello completar\u00e1 75 anos e deve ser aposentado compulsoriamente. No ano seguinte, ser\u00e1 a vez do ministro Marco Aur\u00e9lio deixar a Corte.<\/p>\n","protected":false},"excerpt":{"rendered":"<p>O juiz federal Sergio Moro, respons\u00e1vel pelo julgamento de casos da Opera\u00e7\u00e3o Lava Jato, disse&#8230;<\/p>\n","protected":false},"author":1,"featured_media":0,"comment_status":"closed","ping_status":"closed","sticky":false,"template":"","format":"standard","meta":{"footnotes":""},"categories":[19],"tags":[],"class_list":["post-24294","post","type-post","status-publish","format-standard","hentry","category-politica"],"_links":{"self":[{"href":"https:\/\/www.corumbaonline.com.br\/news\/wp-json\/wp\/v2\/posts\/24294","targetHints":{"allow":["GET"]}}],"collection":[{"href":"https:\/\/www.corumbaonline.com.br\/news\/wp-json\/wp\/v2\/posts"}],"about":[{"href":"https:\/\/www.corumbaonline.com.br\/news\/wp-json\/wp\/v2\/types\/post"}],"author":[{"embeddable":true,"href":"https:\/\/www.corumbaonline.com.br\/news\/wp-json\/wp\/v2\/users\/1"}],"replies":[{"embeddable":true,"href":"https:\/\/www.corumbaonline.com.br\/news\/wp-json\/wp\/v2\/comments?post=24294"}],"version-history":[{"count":1,"href":"https:\/\/www.corumbaonline.com.br\/news\/wp-json\/wp\/v2\/posts\/24294\/revisions"}],"predecessor-version":[{"id":24295,"href":"https:\/\/www.corumbaonline.com.br\/news\/wp-json\/wp\/v2\/posts\/24294\/revisions\/24295"}],"wp:attachment":[{"href":"https:\/\/www.corumbaonline.com.br\/news\/wp-json\/wp\/v2\/media?parent=24294"}],"wp:term":[{"taxonomy":"category","embeddable":true,"href":"https:\/\/www.corumbaonline.com.br\/news\/wp-json\/wp\/v2\/categories?post=24294"},{"taxonomy":"post_tag","embeddable":true,"href":"https:\/\/www.corumbaonline.com.br\/news\/wp-json\/wp\/v2\/tags?post=24294"}],"curies":[{"name":"wp","href":"https:\/\/api.w.org\/{rel}","templated":true}]}}