{"id":24308,"date":"2018-10-31T09:53:07","date_gmt":"2018-10-31T13:53:07","guid":{"rendered":"http:\/\/www.corumbaonline.com.br\/news\/?p=24308"},"modified":"2018-10-31T10:42:40","modified_gmt":"2018-10-31T14:42:40","slug":"reinaldo-azambuja-discutira-com-jair-bolsonaro-acoes-de-seguranca-na-fronteira","status":"publish","type":"post","link":"https:\/\/www.corumbaonline.com.br\/news\/reinaldo-azambuja-discutira-com-jair-bolsonaro-acoes-de-seguranca-na-fronteira\/","title":{"rendered":"Reinaldo Azambuja discutir\u00e1 com Jair Bolsonaro a\u00e7\u00f5es de seguran\u00e7a na fronteira"},"content":{"rendered":"<p>Na pr\u00f3xima semana o governador Reinaldo Azambuja vai se reunir com o presidente eleito Jair Bolsonaro, para discutir a quest\u00e3o da fronteira. H\u00e1 tempos ele defende a presen\u00e7a efetiva das for\u00e7as federais nas fronteiras com o Paraguai e a Bol\u00edvia e a \u201cblindagem\u201d dessa regi\u00e3o como estrat\u00e9gia de combate \u00e0 criminalidade nos grandes centros como Rio de Janeiro e S\u00e3o Paulo.<\/p>\n<p>Tamb\u00e9m ap\u00f3s o feriado, Azambuja e o prefeito de Campo Grande, Marquinhos Trad, estar\u00e3o em Bras\u00edlia discutindo com a bancada federal de Mato Grosso do Sul emendas ao Or\u00e7amento da Uni\u00e3o. Segundo o governador, \u00e9 preciso destravar alguns projetos que est\u00e3o em Bras\u00edlia \u00e0 espera de libera\u00e7\u00e3o de recursos. Esses e outros assuntos, como a campanha eleitoral, a elei\u00e7\u00e3o da Mesa Diretora da Assembleia Legislativa e a obra do Aqu\u00e1rio do Pantanal, foram assuntos abordados por Reinaldo Azambuja na entrevista concedida aos jornalistas do programa Boca do Povo, na r\u00e1dio Difusora Pantanal na manh\u00e3 desta ter\u00e7a-feira (30). Confira trechos da entrevista.<\/p>\n<p><strong>A Campanha<\/strong><\/p>\n<p>Confian\u00e7a no trabalho, realizamos um Governo num momento dif\u00edcil do Pa\u00eds, de crise, dificuldade, muita intoler\u00e2ncia com a pol\u00edtica, muita criminaliza\u00e7\u00e3o da atividade pol\u00edtica. Eu sempre falava, o delator n\u00e3o \u00e9 o dono da verdade, muitas vezes, ele est\u00e1 falando mal de algu\u00e9m para tentar se livrar dos crimes que ele cometeu e as verdades come\u00e7aram a ser restabelecidas, mas sempre tive confian\u00e7a porque eu via assim, um Governo que entregou\u00a0 muito, que est\u00e1 presente, embora n\u00e3o tenhamos consolidado a regionaliza\u00e7\u00e3o da sa\u00fade, mas ela aconteceu em muitos lugares, obras nos 79 munic\u00edpios, ent\u00e3o eu tinha muita confian\u00e7a de que a popula\u00e7\u00e3o entenderia da import\u00e2ncia de continuar com o nosso mandato, e com seguran\u00e7a, porque quando voc\u00ea elege algu\u00e9m voc\u00ea precisa ter a seguran\u00e7a de que essa pessoa vai constituir uma equipe e vai dar conta de governar, n\u00e3o tem salvador da p\u00e1tria, n\u00e3o tem milagre em administra\u00e7\u00e3o, ent\u00e3o sempre confiei e confiei muito em Deus, principalmente nos momentos mais dif\u00edceis da nossa fam\u00edlia, daquela a\u00e7\u00e3o da pol\u00edcia, desnecess\u00e1ria, midi\u00e1tica, vazada para a imprensa, muito estranho aquilo h\u00e1 15 dias das elei\u00e7\u00f5es e, mesmo assim, a gente teve a for\u00e7a e o apoio da popula\u00e7\u00e3o. Ent\u00e3o, pelo cen\u00e1rio vivido da pol\u00edtica, acho que fomos, como o pr\u00f3prio governador de S\u00e3o Paulo disse: \u201cN\u00f3s, Reinaldo, somos sobreviventes\u201d; o D\u00f3ria [Jo\u00e3o D\u00f3ria, governador eleito de S\u00e3o Paulo] me ligou ontem e falou: eu sobrevivi aqui em S\u00e3o Paulo porque renunciei \u00e0 Prefeitura e voc\u00ea sobreviveu a\u00ed a algo midi\u00e1tico que tentou te prejudicar. Mas a popula\u00e7\u00e3o deu um voto de confian\u00e7a e isso redobra a nossa responsabilidade de continuar trabalhando.<\/p>\n<p><img loading=\"lazy\" decoding=\"async\" class=\"alignnone wp-image-237141 size-large\" src=\"http:\/\/www.ms.gov.br\/wp-content\/uploads\/sites\/150\/2018\/10\/governador_divulgacao2-1024x690.jpg\" sizes=\"auto, (max-width: 1024px) 100vw, 1024px\" srcset=\"http:\/\/www.ms.gov.br\/wp-content\/uploads\/sites\/150\/2018\/10\/governador_divulgacao2-1024x690.jpg 1024w, http:\/\/www.ms.gov.br\/wp-content\/uploads\/sites\/150\/2018\/10\/governador_divulgacao2-300x202.jpg 300w, http:\/\/www.ms.gov.br\/wp-content\/uploads\/sites\/150\/2018\/10\/governador_divulgacao2-768x517.jpg 768w, http:\/\/www.ms.gov.br\/wp-content\/uploads\/sites\/150\/2018\/10\/governador_divulgacao2-272x182.jpg 272w, http:\/\/www.ms.gov.br\/wp-content\/uploads\/sites\/150\/2018\/10\/governador_divulgacao2.jpg 1280w\" alt=\"\" width=\"1024\" height=\"690\" \/><\/p>\n<p><strong>Cumprimento dos compromissos de campanha<\/strong><\/p>\n<p>Os compromissos de 2014, se voc\u00ea olhar todos os compromissos que est\u00e3o registrados no Tribunal Eleitoral, posso dizer que vamos concluir 2018 com 80% executados. N\u00e3o deu para fazer tudo, a gente reconhece isso. O que n\u00e3o deu para consolidar? As entregas de todos os hospitais, esse \u00e9 um exemplo, o de Tr\u00eas Lagoas vai ficar pronto em maio do ano que vem, Santa Casa de Corumb\u00e1 o dinheiro est\u00e1 na conta, mas as obras est\u00e3o come\u00e7ando agora, hospital de C\u00e2ncer daqui vamos concluir, ent\u00e3o, essa regionaliza\u00e7\u00e3o da sa\u00fade n\u00e3o deu para concluir e algumas coisas a crise atrapalhou, porque a gente n\u00e3o esperava governar na pior crise da hist\u00f3ria do Brasil. Mas vejo um horizonte muito melhor. Fizemos poucas promessas, mas temos muitos compromissos e esses compromissos com Mato Grosso do Sul a gente vai levar como obriga\u00e7\u00e3o do nosso Governo, de cumprimento dessas metas estabelecidas na sa\u00fade, na educa\u00e7\u00e3o, na seguran\u00e7a. Estou indo semana que vem conversar com o presidente eleito [Jair Bolsonaro] sobre a fronteira, vamos cuidar da fronteira, est\u00e1 tendo muita briga das fac\u00e7\u00f5es.<\/p>\n<p><strong>Mudan\u00e7a no secretariado<\/strong><\/p>\n<p>Sou muito grato a nossa equipe, sou muito grato aos servidores p\u00fablicos pela compreens\u00e3o. Agora, o novo governo \u00e9 um novo governo, ent\u00e3o, vai ter algumas mudan\u00e7as? Claro, isso \u00e9 necess\u00e1rio para gente poder oxigenar algumas pol\u00edticas p\u00fablicas, temos que ver onde avan\u00e7ou bem, onde n\u00e3o avan\u00e7ou, os resultados dos contratos de gest\u00e3o, e todos aqueles que contribu\u00edram foram extremamente importantes, ningu\u00e9m governa sozinho, o resultado da aprova\u00e7\u00e3o do Governo \u00e9 o conjunto de todos, todos trabalharam. A gente vai fazer poucas, n\u00e3o s\u00e3o muitas as mudan\u00e7as, mas algumas ser\u00e3o a partir de primeiro de janeiro. N\u00e3o temos isso definido ainda, porque precisamos olhar quais as reformas que o presidente eleito vai fazer, porque tem muita coisa que acontece em Bras\u00edlia que reflete em Mato Grosso do Sul. Por exemplo, a reforma tribut\u00e1ria, eles v\u00e3o encaminhar mesmo, e de que forma vir\u00e1. \u00c9 para criar o IVA [Imposto de Valor Agregado] e acabar com o ICMS que \u00e9 uma legisla\u00e7\u00e3o maluca, que cria essa guerra fiscal; previd\u00eancia, vi hoje de manh\u00e3 que ele disse que vai ter uma reuni\u00e3o com o Temer para tentar fazer parte da reforma previdenci\u00e1ria ainda neste ano.<\/p>\n<p>S\u00e3o avan\u00e7os que a gente precisa olhar que refletem no Mato Grosso do Sul. Lei Kandir. Lei Kandir est\u00e1 para ser definida pelo Congresso Nacional porque o Supremo Tribunal Federal exigiu que o Congresso legisle sobre o ressarcimento aos estados. Tem uma comiss\u00e3o especial que decidiu um valor de ressarcimento, porque o que acontece, a gente desonera as exporta\u00e7\u00f5es e a Uni\u00e3o n\u00e3o ressarce os estados. Temos uma perda da Lei Kandir perto de R$ 7 bilh\u00f5es, se tiver um ressarcimento maior, voc\u00ea pode desonerar alguns segmentos da economia. Eu ouvi o Paulo Guedes, que vai ser o ministro da Fazenda, que v\u00e3o desonerar a folha de pagamento para gerar em quatro anos 10 milh\u00f5es de empregos, isso \u00e9 extraordin\u00e1rio, se eles realmente fizerem isso v\u00e3o fazer com que a gente tenha mais gera\u00e7\u00e3o de emprego. Ent\u00e3o, estamos olhando as reformas, o Estado [Mato Grosso do Sul] j\u00e1 est\u00e1 bem enxuto, e a gente vai ver os quadros, as pessoas, vamos conversar com as lideran\u00e7as pol\u00edticas, temos que compor a base de apoio na Assembleia, mas n\u00e3o vamos barganhar cargos, n\u00e3o fizemos isso no primeiro mandato e n\u00e3o \u00e9 preciso, agora, vamos atender a base parlamentar com o que? Com investimentos nas bases pol\u00edticas dos deputados. Agora, cargo tem que ser ocupado por quem tem compet\u00eancia para fazer um bom trabalho, at\u00e9 porque somos todos funcion\u00e1rios p\u00fablicos, quem paga no nosso sal\u00e1rio \u00e9 o povo, ent\u00e3o, vamos trabalhar com uma equipe muito comprometida, competente, para mais quatro anos.<\/p>\n<p><strong>Sucess\u00e3o municipal<\/strong><\/p>\n<p>O Marquinhos (Trad), como prefeito da Capital, foi fundamental, vestiu a camisa, eu nem conversei com ele sobre a elei\u00e7\u00e3o de 2020, est\u00e1 um pouco distante, mas pode ter certeza que o governador \u00e9 grato pelo que ele fez por mim, e tem uma coisa na pol\u00edtica que a gente precisa ter, e poucos tem, chama-se gratid\u00e3o e isso \u00e9 uma coisa que prezo muito, e sou muito grato ao que o Marcos fez na campanha, ele empunhou a bandeira, ele acreditou no projeto, ele pediu ao campo-grandense, ele fez reuni\u00f5es levando o meu nome, ele dizia n\u00e3o tenho nada contra os outros, mas o governador \u00e9 o mais preparado, \u00e9 o que tem melhores condi\u00e7\u00f5es. Ent\u00e3o vou conversar com ele, porque em pol\u00edtica a gente conversa, mas tenho gratid\u00e3o muito forte pelo que ele fez para a minha elei\u00e7\u00e3o, estou falando n\u00e3o pelo partido, mas como governador. Quero continuar ajudando a Capital, ela tem problemas que precisam ser resolvidos, vamos na semana que vem, eu e o Marcos, para Bras\u00edlia, para ver as emendas federais, por mais dinheiro em Campo Grande, para as obras importantes, estruturantes, ajudar destravar projetos habitacionais, de infraestrutura urbana, e vamos estar juntos trabalhando.<\/p>\n<p><img loading=\"lazy\" decoding=\"async\" class=\"alignnone wp-image-237140 size-large\" src=\"http:\/\/www.ms.gov.br\/wp-content\/uploads\/sites\/150\/2018\/10\/governador_divulgacao1-1024x596.jpg\" sizes=\"auto, (max-width: 1024px) 100vw, 1024px\" srcset=\"http:\/\/www.ms.gov.br\/wp-content\/uploads\/sites\/150\/2018\/10\/governador_divulgacao1-1024x596.jpg 1024w, http:\/\/www.ms.gov.br\/wp-content\/uploads\/sites\/150\/2018\/10\/governador_divulgacao1-300x175.jpg 300w, http:\/\/www.ms.gov.br\/wp-content\/uploads\/sites\/150\/2018\/10\/governador_divulgacao1-768x447.jpg 768w, http:\/\/www.ms.gov.br\/wp-content\/uploads\/sites\/150\/2018\/10\/governador_divulgacao1.jpg 1280w\" alt=\"\" width=\"1024\" height=\"596\" \/><\/p>\n<p><strong>Ponte em Porto Murtinho<\/strong><\/p>\n<p>Primeiro precisamos ter os recursos, o Marum, nosso ministro, disse da quest\u00e3o do DNIT transferindo para a Itaipu. Falei ontem com a nossa bancada toda sobre isso, j\u00e1 t\u00ednhamos dinheiro no or\u00e7amento, precisamos ter a garantia da Itaipu, do Conselho de Administra\u00e7\u00e3o, que realmente eles v\u00e3o executar. Ela vai ser executada porque \u00e9 fundamental para o Brasil, para o Paraguai. Precisamos de rapidez em ter o projeto, porque sem ter o projeto n\u00e3o tem licita\u00e7\u00e3o, o DNIT ficou a cargo disso. A bancada est\u00e1 conduzindo muito bem essa discuss\u00e3o; o Paraguai deu ordem de servi\u00e7o da obra em Carmelo Peralta, e ela \u00e9 a Bioce\u00e2nica, vai ser pra n\u00f3s a porta de entrada para o Pac\u00edfico, isso \u00e9 fant\u00e1stico em quest\u00e3o de log\u00edstica, de competitividade, e estamos atentos a isso.<\/p>\n<p><strong>Acomoda\u00e7\u00e3o pol\u00edtica<\/strong><\/p>\n<p>A gente tem gratid\u00e3o por todos que disputaram a elei\u00e7\u00e3o, mas quando se disputa uma elei\u00e7\u00e3o nem todos se elegem, fizemos uma boa bancada, 17 deputados estaduais, seis deputados federais, o senador Nelsinho Trad, e todos eles com compromissos. Temos bons quadros que disputaram as elei\u00e7\u00f5es que tem perfil administrativo, que podem compor o governo, e n\u00f3s vamos avaliar isso pelo crit\u00e9rio da compet\u00eancia, n\u00e3o \u00e9 crit\u00e9rio pol\u00edtico. Quem tem compet\u00eancia para trabalhar pelo Mato Grosso do Sul com certeza alguns ir\u00e3o compor parte da nossa equipe nos pr\u00f3ximos quatro anos.<\/p>\n<p><strong>Presid\u00eancia da Assembleia Legislativa<\/strong><\/p>\n<p>\u00c9 uma discuss\u00e3o muito interna, n\u00e3o adianta dizer que o governo n\u00e3o interfere, se voc\u00ea faz uma bancada voc\u00ea vai discutir com essa bancada, mas primeiro \u00e9 uma discuss\u00e3o deles, quem tem um perfil conciliador de ter mais votos, porque ali \u00e9 voto. N\u00f3s compusemos muito bem nesses quatro anos com o pr\u00f3prio presidente atual, o Junior Mochi, n\u00e3o tivemos problema nenhum, tivemos avan\u00e7os de leis importantes e vamos compor com a pr\u00f3xima Assembleia pol\u00edticas p\u00fablicas, o governo tem que tratar das prioridades que a popula\u00e7\u00e3o elencou, e junto com a Assembleia, que tem responsabilidade nisso, fazer com que isso possa acontecer. O Estado j\u00e1 est\u00e1 bem administrativamente, est\u00e1 bem enxuto, temos a menor estrutura administrativa do Pa\u00eds, mas temos sempre um olhar atento, sempre tem espa\u00e7o para economizar um pouco mais, e quando voc\u00ea gasta menos com o governo voc\u00ea gasta mais com as pessoas. Fiquei feliz em ouvir do Bolsonaro que precisamos \u201cmenos Bras\u00edlia e mais Brasil\u201d, precisamos de investimentos, espero que o governo (federal) tenha pressa, rapidez para essas pol\u00edticas p\u00fablicas que queremos implementar. Aqui, \u00e9 a continuidade de um governo, ent\u00e3o a popula\u00e7\u00e3o aprovou que esse governo continue; l\u00f3gico que ela quer que o governo melhore onde n\u00e3o conseguiu atender bem, e esse \u00e9 o desafio do segundo mandato.<\/p>\n<p><strong>Aqu\u00e1rio do Pantanal<\/strong><\/p>\n<p>Fui contra a constru\u00e7\u00e3o do Aqu\u00e1rio do Pantanal, acho um absurdo, um desperd\u00edcio de dinheiro, acho que ter\u00edamos outras prioridades, creches, escolas, hospitais. Com o dinheiro do Aqu\u00e1rio dava para construir tr\u00eas hospitais, com o que eles (o governo anterior) j\u00e1 gastaram \u2013 R$ 203 milh\u00f5es. Mas tem que concluir, n\u00e3o d\u00e1 para deixar essa obra. Conclu\u00edmos 211 obras inacabadas, tinha 215 \u2013 Hospital do Trauma, estrada do Cur\u00ea, Universidade Estadual. Faltam quatro obras, tr\u00eas s\u00e3o pres\u00eddios, dois vamos entregar agora e um vamos entregar ano que vem que j\u00e1 est\u00e1 em constru\u00e7\u00e3o na Gameleira, e o \u00faltimo \u00e9 o Aqu\u00e1rio do Pantanal. Ali \u00e9 s\u00f3 um problema jur\u00eddico, hora que a Justi\u00e7a disser que o governador pode concluir sem ser responsabilizado pelo passado (Pol\u00edcia Federal t\u00e1 investigando, tem gente presa), eu n\u00e3o quero ser responsabilizado pelo passado, hora que a Justi\u00e7a decidir, pode concluir com licita\u00e7\u00e3o, n\u00e3o tem problema, n\u00e3o estamos pedindo para n\u00e3o licitar como algumas pessoas est\u00e3o falando, com licita\u00e7\u00e3o ou sem licita\u00e7\u00e3o, do jeito que quiser, vamos concluir o Aqu\u00e1rio, s\u00f3 n\u00e3o posso ser responsabilizado pelo que aconteceu no passado.<\/p>\n<p><strong>Aproveitar o pr\u00e9dio do Aqu\u00e1rio para outra finalidade<\/strong><\/p>\n<p>Se desse j\u00e1 t\u00ednhamos feito, aquilo s\u00f3 serve para Aqu\u00e1rio. N\u00e3o quero recriminar o que o Andr\u00e9 (Puccinelli) fez, mas n\u00e3o era prioridade, n\u00e3o adianta dizer que fez uma pesquisa e a popula\u00e7\u00e3o escolheu o Aqu\u00e1rio. Acho que \u00e9 daquelas coisas que a gente vai fazendo e n\u00e3o consulta, porque se consultasse a popula\u00e7\u00e3o n\u00e3o tenho d\u00favida que a popula\u00e7\u00e3o ia dizer: n\u00e3o, eu n\u00e3o quero Aqu\u00e1rio, quero Hospital, n\u00e3o quero Aqu\u00e1rio, quero Creche, quero uma escola mais pr\u00f3xima. Mas como a decis\u00e3o n\u00e3o foi nossa e deles, s\u00f3 quero seguran\u00e7a jur\u00eddica.<\/p>\n","protected":false},"excerpt":{"rendered":"<p>Na pr\u00f3xima semana o governador Reinaldo Azambuja vai se reunir com o presidente eleito Jair&#8230;<\/p>\n","protected":false},"author":1,"featured_media":24309,"comment_status":"closed","ping_status":"closed","sticky":false,"template":"","format":"standard","meta":{"footnotes":""},"categories":[8,19],"tags":[],"class_list":["post-24308","post","type-post","status-publish","format-standard","has-post-thumbnail","hentry","category-destaque","category-politica"],"_links":{"self":[{"href":"https:\/\/www.corumbaonline.com.br\/news\/wp-json\/wp\/v2\/posts\/24308","targetHints":{"allow":["GET"]}}],"collection":[{"href":"https:\/\/www.corumbaonline.com.br\/news\/wp-json\/wp\/v2\/posts"}],"about":[{"href":"https:\/\/www.corumbaonline.com.br\/news\/wp-json\/wp\/v2\/types\/post"}],"author":[{"embeddable":true,"href":"https:\/\/www.corumbaonline.com.br\/news\/wp-json\/wp\/v2\/users\/1"}],"replies":[{"embeddable":true,"href":"https:\/\/www.corumbaonline.com.br\/news\/wp-json\/wp\/v2\/comments?post=24308"}],"version-history":[{"count":1,"href":"https:\/\/www.corumbaonline.com.br\/news\/wp-json\/wp\/v2\/posts\/24308\/revisions"}],"predecessor-version":[{"id":24310,"href":"https:\/\/www.corumbaonline.com.br\/news\/wp-json\/wp\/v2\/posts\/24308\/revisions\/24310"}],"wp:featuredmedia":[{"embeddable":true,"href":"https:\/\/www.corumbaonline.com.br\/news\/wp-json\/wp\/v2\/media\/24309"}],"wp:attachment":[{"href":"https:\/\/www.corumbaonline.com.br\/news\/wp-json\/wp\/v2\/media?parent=24308"}],"wp:term":[{"taxonomy":"category","embeddable":true,"href":"https:\/\/www.corumbaonline.com.br\/news\/wp-json\/wp\/v2\/categories?post=24308"},{"taxonomy":"post_tag","embeddable":true,"href":"https:\/\/www.corumbaonline.com.br\/news\/wp-json\/wp\/v2\/tags?post=24308"}],"curies":[{"name":"wp","href":"https:\/\/api.w.org\/{rel}","templated":true}]}}