{"id":24625,"date":"2018-11-07T08:37:31","date_gmt":"2018-11-07T11:37:31","guid":{"rendered":"http:\/\/www.corumbaonline.com.br\/news\/?p=24625"},"modified":"2018-11-07T09:05:26","modified_gmt":"2018-11-07T12:05:26","slug":"com-expectativa-de-receber-11-mil-visitantes-mundo-senai-comeca-nesta-quinta-feira","status":"publish","type":"post","link":"https:\/\/www.corumbaonline.com.br\/news\/com-expectativa-de-receber-11-mil-visitantes-mundo-senai-comeca-nesta-quinta-feira\/","title":{"rendered":"Com expectativa de receber 11 mil visitantes, Mundo Senai come\u00e7a nesta quinta-feira"},"content":{"rendered":"<p class=\"x_MsoNormal\">Imagine um dia de \u201cportas abertas\u201d de uma ind\u00fastria, com a possibilidade de conhecer toda a linha de produ\u00e7\u00e3o. \u00c9 mais ou menos assim que funciona o Mundo Senai, evento que \u00e9 realizado anualmente em todas as unidades da institui\u00e7\u00e3o no Brasil e que neste ano ser\u00e1 nesta quinta-feira (07) e sexta-feira (08).<\/p>\n<p class=\"x_MsoNormal\">\n<p class=\"x_MsoNormal\">Em Mato Grosso do Sul, o evento ser\u00e1 promovido nas unidades de Aparecida do Taboado, Campo Grande, Corumb\u00e1, Dourados, Maracaju, Navira\u00ed, Nova Andradina, Rio Verde, Sidrol\u00e2ndia e Tr\u00eas Lagoas e a expectativa \u00e9 de receber 11 mil visitantes durante os dois dias.<\/p>\n<p class=\"x_MsoNormal\">\n<p class=\"x_MsoNormal\">Segundo o diretor-regional do Senai, Rodolpho Caesar Mangialardo, o evento busca apresentar orienta\u00e7\u00e3o profissional aos jovens, despertar o interesse das pessoas pelo mundo da ind\u00fastria e mostrar a moderna infraestrutura que o Senai oferece em educa\u00e7\u00e3o profissional e tecnologia.<\/p>\n<p class=\"x_MsoNormal\">\n<p class=\"x_MsoNormal\">\u201c\u00c9 uma oportunidade \u00fanica para que as pessoas possam conhecer de perto nossas a\u00e7\u00f5es e come\u00e7ar a se interessar por esse mundo. Abrimos as portas para todos, atingindo n\u00e3o s\u00f3 as pessoas para as quais normalmente direcionamos nossos esfor\u00e7os, que s\u00e3o do ramo industrial, mas \u00e0queles tamb\u00e9m que n\u00e3o conhecem os servi\u00e7os do Senai\u201d, afirmou Rodolpho Mangialardo.<\/p>\n<p class=\"x_MsoNormal\">\n<p class=\"x_MsoNormal\">Ele refor\u00e7ou que, para os que gostam de tecnologia, o Mundo Senai \u00e9 o espa\u00e7o certo, pois os visitantes poder\u00e3o conferir demonstra\u00e7\u00f5es de uso dos mais modernos equipamentos e m\u00e1quinas do mercado em diversas ocupa\u00e7\u00f5es. \u201cO evento apresentar\u00e1 aos jovens, escolas, empresas e comunidade em geral a infraestrutura do Senai, o universo das profiss\u00f5es, a forma\u00e7\u00e3o profissional e tecnol\u00f3gica, a inova\u00e7\u00e3o e a transfer\u00eancia de tecnologias industriais por meio de palestras, mostras tecnol\u00f3gicas, minicursos e visitas aos laborat\u00f3rios que simulam o dia a dia da ind\u00fastria\u201d, completou.<\/p>\n<p class=\"x_MsoNormal\">\n<p class=\"x_MsoNormal\"><b>Ind\u00fastria 4.0<\/b><\/p>\n<p class=\"x_MsoNormal\">\n<p class=\"x_MsoNormal\">O Mundo Senai mostrar\u00e1 que a institui\u00e7\u00e3o est\u00e1 inserida e preparada para a 4\u00aa Revolu\u00e7\u00e3o Industrial, tamb\u00e9m conhecida como Ind\u00fastria 4.0, com tecnologias mais complexas, que exigir\u00e3o novas formas de trabalho e profissionais com novas habilidades e compet\u00eancias. Nesse contexto, haver\u00e1 palestras explicando sobre essa nova realidade e seus impactos no modelo de produ\u00e7\u00e3o.<\/p>\n<p class=\"x_MsoNormal\">\n<p class=\"x_MsoNormal\">Ainda falando em tecnologia e inova\u00e7\u00e3o, a mostra tem em sua programa\u00e7\u00e3o o famoso \u201cGrand Prix\u201d, uma corrida de inova\u00e7\u00e3o aberta em que as equipes multidisciplinares, chamadas escuderias, criam, desenvolvem e prototipam solu\u00e7\u00f5es inovadoras para um desafio lan\u00e7ado por uma ind\u00fastria de Mato Grosso do Sul em tempo real. \u00c9 uma demonstra\u00e7\u00e3o da combina\u00e7\u00e3o entre m\u00e9todos de inova\u00e7\u00e3o aberta, criatividade orientada para resultados, conceitos de empreendedorismo, redes colaborativas e profissionais.<\/p>\n<p class=\"x_MsoNormal\">\n<p class=\"x_MsoNormal\">Tamb\u00e9m haver\u00e1 uma exposi\u00e7\u00e3o com os projetos inovadores elaborados e prototipados pelos alunos dos cursos de qualifica\u00e7\u00e3o profissional do Senai em resposta \u00e0s demandas da ind\u00fastria sul-mato-grossense como resultado de uma metodologia que prima pela pr\u00e1tica integradora entre o ambiente escolar e os desafios tecnol\u00f3gicos apresentados pelas empresas.<\/p>\n<p class=\"x_MsoNormal\">\n<p class=\"x_MsoNormal\"><b>Plataforma Mundo Senai<\/b><\/p>\n<p class=\"x_MsoNormal\">\n<p class=\"x_MsoNormal\">Escolher uma carreira ou mudar de rota no mercado de trabalho \u00e9 tarefa complexa e, muitas vezes, angustiante. O Senai Nacional decidiu utilizar intelig\u00eancia artificial para ajudar jovens e profissionais a tomar decis\u00f5es mais acertadas nesse momento crucial.<\/p>\n<p class=\"x_MsoNormal\">\n<p class=\"x_MsoNormal\">O servi\u00e7o de orienta\u00e7\u00e3o profissional, a partir de caracter\u00edsticas socioemocionais, j\u00e1 est\u00e1 dispon\u00edvel gratuitamente na plataforma Mundo Senai (<b><a href=\"https:\/\/www.mundosenai.com.br\/\" target=\"_blank\" rel=\"noopener noreferrer\">mundosenai.com.br<\/a><\/b>), site que re\u00fane ainda vagas de emprego e de est\u00e1gio, guia de profiss\u00f5es da ind\u00fastria e informa\u00e7\u00f5es sobre cursos para quem deseja se qualificar.<\/p>\n<p class=\"x_MsoNormal\">\n<p class=\"x_MsoNormal\">O diretor-geral do Senai Nacional, Rafael Lucchesi, explica que tanto a plataforma quanto o evento buscam orientar os jovens sobre as carreiras da ind\u00fastria e ajud\u00e1-los a escolher uma profiss\u00e3o de acordo com seu perfil. \u201cO objetivo \u00e9 oferecer uma orienta\u00e7\u00e3o para o jovem na escolha da profiss\u00e3o e apresentar as ocupa\u00e7\u00f5es industriais, principalmente com forma\u00e7\u00e3o t\u00e9cnica, que s\u00e3o bem remuneradas e modernas\u201d, explicou.<\/p>\n<p class=\"x_MsoNormal\">\n<p class=\"x_MsoNormal\">\u201cO usu\u00e1rio do Mundo Senai ter\u00e1 uma an\u00e1lise socioemocional que vai ajud\u00e1-lo a escolher de forma mais completa e n\u00e3o apenas com base na prefer\u00eancia por uma disciplina como ocorre normalmente\u201d, Rafael Lucchesi, completando que o Mundo Senai utiliza o Watson, ferramenta de servi\u00e7os cognitivos da IBM, para analisar 92 caracter\u00edsticas socioemocionais do usu\u00e1rio, como extrovers\u00e3o, amabilidade, autodisciplina, entre outras.<\/p>\n<p class=\"x_MsoNormal\">\n<p class=\"x_MsoNormal\">A ferramenta indica ent\u00e3o as profiss\u00f5es da ind\u00fastria mais adequadas ao perfil desenhado e os cursos existentes. A experi\u00eancia do Senai com o Watson ser\u00e1 apresentada na confer\u00eancia Think, da IBM, que ocorrer\u00e1 em S\u00e3o Francisco, nos Estados Unidos, em fevereiro de 2019.<\/p>\n<p class=\"x_MsoNormal\">\n<p class=\"x_MsoNormal\">Na plataforma, o usu\u00e1rio ter\u00e1 tamb\u00e9m informa\u00e7\u00f5es sobre as vagas de emprego e est\u00e1gio, organizadas por localidade e especialidade, assim como o hist\u00f3rico da demanda das empresas por funcion\u00e1rios a partir de dados do Minist\u00e9rio do Trabalho. No guia de profiss\u00f5es, ser\u00e1 poss\u00edvel saber detalhes das atividades desenvolvidas por profissionais da ind\u00fastria e os sal\u00e1rios m\u00e9dios de cada profiss\u00e3o, sendo que os interessados ainda poder\u00e3o conhecer o curr\u00edculo dos cursos e como se matricular.<\/p>\n","protected":false},"excerpt":{"rendered":"<p>Imagine um dia de \u201cportas abertas\u201d de uma ind\u00fastria, com a possibilidade de conhecer toda&#8230;<\/p>\n","protected":false},"author":1,"featured_media":24626,"comment_status":"closed","ping_status":"closed","sticky":false,"template":"","format":"standard","meta":{"footnotes":""},"categories":[10],"tags":[],"class_list":["post-24625","post","type-post","status-publish","format-standard","has-post-thumbnail","hentry","category-educacao"],"_links":{"self":[{"href":"https:\/\/www.corumbaonline.com.br\/news\/wp-json\/wp\/v2\/posts\/24625","targetHints":{"allow":["GET"]}}],"collection":[{"href":"https:\/\/www.corumbaonline.com.br\/news\/wp-json\/wp\/v2\/posts"}],"about":[{"href":"https:\/\/www.corumbaonline.com.br\/news\/wp-json\/wp\/v2\/types\/post"}],"author":[{"embeddable":true,"href":"https:\/\/www.corumbaonline.com.br\/news\/wp-json\/wp\/v2\/users\/1"}],"replies":[{"embeddable":true,"href":"https:\/\/www.corumbaonline.com.br\/news\/wp-json\/wp\/v2\/comments?post=24625"}],"version-history":[{"count":1,"href":"https:\/\/www.corumbaonline.com.br\/news\/wp-json\/wp\/v2\/posts\/24625\/revisions"}],"predecessor-version":[{"id":24627,"href":"https:\/\/www.corumbaonline.com.br\/news\/wp-json\/wp\/v2\/posts\/24625\/revisions\/24627"}],"wp:featuredmedia":[{"embeddable":true,"href":"https:\/\/www.corumbaonline.com.br\/news\/wp-json\/wp\/v2\/media\/24626"}],"wp:attachment":[{"href":"https:\/\/www.corumbaonline.com.br\/news\/wp-json\/wp\/v2\/media?parent=24625"}],"wp:term":[{"taxonomy":"category","embeddable":true,"href":"https:\/\/www.corumbaonline.com.br\/news\/wp-json\/wp\/v2\/categories?post=24625"},{"taxonomy":"post_tag","embeddable":true,"href":"https:\/\/www.corumbaonline.com.br\/news\/wp-json\/wp\/v2\/tags?post=24625"}],"curies":[{"name":"wp","href":"https:\/\/api.w.org\/{rel}","templated":true}]}}