{"id":24650,"date":"2018-11-07T10:32:42","date_gmt":"2018-11-07T13:32:42","guid":{"rendered":"http:\/\/www.corumbaonline.com.br\/news\/?p=24650"},"modified":"2018-11-07T11:20:45","modified_gmt":"2018-11-07T14:20:45","slug":"encontro-de-educacao-do-campo-acontece-dia-09-na-escola-monte-azul","status":"publish","type":"post","link":"https:\/\/www.corumbaonline.com.br\/news\/encontro-de-educacao-do-campo-acontece-dia-09-na-escola-monte-azul\/","title":{"rendered":"Encontro de Educa\u00e7\u00e3o do Campo acontece dia 09 na escola Monte Azul"},"content":{"rendered":"<p>Com o tema \u201cDiversidade do campo: integra\u00e7\u00e3o e valoriza\u00e7\u00e3o de saberes\u201d, o II Encontro Municipal de Educa\u00e7\u00e3o do Campo \u2013 2018 ser\u00e1 realizado na sexta-feira, 09 de novembro, na Escola Municipal Rural Monte Azul, localizada no assentamento Taquaral, a partir das 09 horas.<\/p>\n<p>A a\u00e7\u00e3o visa socializa\u00e7\u00e3o das produ\u00e7\u00f5es pedag\u00f3gicas das escolas da zona rural e reconhecimento das diversas culturas presentes nessa regi\u00e3o. A comunidade est\u00e1 convidada a participar do evento, que contar\u00e1 com amostras de projetos desenvolvidos durante o ano letivo; atividades recreativas, apresenta\u00e7\u00f5es art\u00edsticas e a Feira do Produtor Mirim.<\/p>\n","protected":false},"excerpt":{"rendered":"<p>Com o tema \u201cDiversidade do campo: integra\u00e7\u00e3o e valoriza\u00e7\u00e3o de saberes\u201d, o II Encontro Municipal&#8230;<\/p>\n","protected":false},"author":1,"featured_media":0,"comment_status":"closed","ping_status":"closed","sticky":false,"template":"","format":"standard","meta":{"footnotes":""},"categories":[2,10],"tags":[],"class_list":["post-24650","post","type-post","status-publish","format-standard","hentry","category-agropecuaria","category-educacao"],"_links":{"self":[{"href":"https:\/\/www.corumbaonline.com.br\/news\/wp-json\/wp\/v2\/posts\/24650","targetHints":{"allow":["GET"]}}],"collection":[{"href":"https:\/\/www.corumbaonline.com.br\/news\/wp-json\/wp\/v2\/posts"}],"about":[{"href":"https:\/\/www.corumbaonline.com.br\/news\/wp-json\/wp\/v2\/types\/post"}],"author":[{"embeddable":true,"href":"https:\/\/www.corumbaonline.com.br\/news\/wp-json\/wp\/v2\/users\/1"}],"replies":[{"embeddable":true,"href":"https:\/\/www.corumbaonline.com.br\/news\/wp-json\/wp\/v2\/comments?post=24650"}],"version-history":[{"count":1,"href":"https:\/\/www.corumbaonline.com.br\/news\/wp-json\/wp\/v2\/posts\/24650\/revisions"}],"predecessor-version":[{"id":24651,"href":"https:\/\/www.corumbaonline.com.br\/news\/wp-json\/wp\/v2\/posts\/24650\/revisions\/24651"}],"wp:attachment":[{"href":"https:\/\/www.corumbaonline.com.br\/news\/wp-json\/wp\/v2\/media?parent=24650"}],"wp:term":[{"taxonomy":"category","embeddable":true,"href":"https:\/\/www.corumbaonline.com.br\/news\/wp-json\/wp\/v2\/categories?post=24650"},{"taxonomy":"post_tag","embeddable":true,"href":"https:\/\/www.corumbaonline.com.br\/news\/wp-json\/wp\/v2\/tags?post=24650"}],"curies":[{"name":"wp","href":"https:\/\/api.w.org\/{rel}","templated":true}]}}