{"id":24725,"date":"2018-11-08T10:53:57","date_gmt":"2018-11-08T13:53:57","guid":{"rendered":"http:\/\/www.corumbaonline.com.br\/news\/?p=24725"},"modified":"2018-11-08T12:54:59","modified_gmt":"2018-11-08T15:54:59","slug":"programa-primeira-empresa-forma-45-jovens-empreendedores-em-corumba","status":"publish","type":"post","link":"https:\/\/www.corumbaonline.com.br\/news\/programa-primeira-empresa-forma-45-jovens-empreendedores-em-corumba\/","title":{"rendered":"Programa Primeira Empresa forma 45 jovens empreendedores em Corumb\u00e1"},"content":{"rendered":"<p>A formatura do Programa Primeira Empresa acontece na noite desta quinta-feira, 08 de novembro, em Corumb\u00e1. A iniciativa teve como objetivo ensinar os jovens de Mato Grosso do Sul a empreender, com acompanhamento completo do processo, desde a inicia\u00e7\u00e3o nos neg\u00f3cios, a identifica\u00e7\u00e3o do perfil empreendedor at\u00e9 os dois primeiros anos da empresa. Em Corumb\u00e1 ser\u00e3o entregues certificados aos 45 formandos.<\/p>\n<p>&nbsp;<\/p>\n<p>O Programa Primeira Empresa foi realizado na cidade por meio de parceria da Prefeitura Municipal de Corumb\u00e1, atrav\u00e9s da Secretaria Municipal de Desenvolvimento Econ\u00f4mico e Sustent\u00e1vel, com a Associa\u00e7\u00e3o dos Jovens Empreendedores de Mato Grosso do Sul (AJE-MS) e Secretaria de Estado de Meio Ambiente, Desenvolvimento Econ\u00f4mico, Produ\u00e7\u00e3o e Agricultura Familiar (Semagro).<\/p>\n<p>&nbsp;<\/p>\n<p>A solenidade de formatura est\u00e1 marcada para as 19 horas no Centro de Conven\u00e7\u00f5es Miguel Gomes.<\/p>\n","protected":false},"excerpt":{"rendered":"<p>A formatura do Programa Primeira Empresa acontece na noite desta quinta-feira, 08 de novembro, em&#8230;<\/p>\n","protected":false},"author":1,"featured_media":0,"comment_status":"closed","ping_status":"closed","sticky":false,"template":"","format":"standard","meta":{"footnotes":""},"categories":[9,10],"tags":[],"class_list":["post-24725","post","type-post","status-publish","format-standard","hentry","category-economia","category-educacao"],"_links":{"self":[{"href":"https:\/\/www.corumbaonline.com.br\/news\/wp-json\/wp\/v2\/posts\/24725","targetHints":{"allow":["GET"]}}],"collection":[{"href":"https:\/\/www.corumbaonline.com.br\/news\/wp-json\/wp\/v2\/posts"}],"about":[{"href":"https:\/\/www.corumbaonline.com.br\/news\/wp-json\/wp\/v2\/types\/post"}],"author":[{"embeddable":true,"href":"https:\/\/www.corumbaonline.com.br\/news\/wp-json\/wp\/v2\/users\/1"}],"replies":[{"embeddable":true,"href":"https:\/\/www.corumbaonline.com.br\/news\/wp-json\/wp\/v2\/comments?post=24725"}],"version-history":[{"count":1,"href":"https:\/\/www.corumbaonline.com.br\/news\/wp-json\/wp\/v2\/posts\/24725\/revisions"}],"predecessor-version":[{"id":24726,"href":"https:\/\/www.corumbaonline.com.br\/news\/wp-json\/wp\/v2\/posts\/24725\/revisions\/24726"}],"wp:attachment":[{"href":"https:\/\/www.corumbaonline.com.br\/news\/wp-json\/wp\/v2\/media?parent=24725"}],"wp:term":[{"taxonomy":"category","embeddable":true,"href":"https:\/\/www.corumbaonline.com.br\/news\/wp-json\/wp\/v2\/categories?post=24725"},{"taxonomy":"post_tag","embeddable":true,"href":"https:\/\/www.corumbaonline.com.br\/news\/wp-json\/wp\/v2\/tags?post=24725"}],"curies":[{"name":"wp","href":"https:\/\/api.w.org\/{rel}","templated":true}]}}