{"id":24734,"date":"2018-11-08T11:50:19","date_gmt":"2018-11-08T14:50:19","guid":{"rendered":"http:\/\/www.corumbaonline.com.br\/news\/?p=24734"},"modified":"2018-11-08T13:08:38","modified_gmt":"2018-11-08T16:08:38","slug":"prefeitura-empossa-mais-oito-servidores-aprovados-no-concurso-da-educacao","status":"publish","type":"post","link":"https:\/\/www.corumbaonline.com.br\/news\/prefeitura-empossa-mais-oito-servidores-aprovados-no-concurso-da-educacao\/","title":{"rendered":"Prefeitura empossa mais oito servidores aprovados no Concurso da Educa\u00e7\u00e3o"},"content":{"rendered":"<p>Mais oito candidatos aprovados no Concurso da Educa\u00e7\u00e3o foram empossados nesta quinta-feira, 8 de novembro, no quadro efetivo da Prefeitura de Corumb\u00e1. Os servidores v\u00e3o atuar como t\u00e9cnico de educa\u00e7\u00e3o infantil. Para o cargo \u00e9 exigido que o candidato possua o Magist\u00e9rio ou Normal M\u00e9dio.<\/p>\n<p>&nbsp;<\/p>\n<p>Os novos funcion\u00e1rios p\u00fablicos foram recepcionados pela subsecret\u00e1ria de Educa\u00e7\u00e3o, Maria do Carmo Provenzano, que representou o secret\u00e1rio municipal Genilson Canavarro de Abreu e o prefeito Marcelo Iunes. Al\u00e9m das boas vindas aos servidores, ela tamb\u00e9m destacou a import\u00e2ncia da categoria para a Administra\u00e7\u00e3o P\u00fablica.<\/p>\n<p>&nbsp;<\/p>\n<p>\u201cParab\u00e9ns a todos voc\u00eas porque esse \u00e9 momento muito importante. Ao assinar o termo de posse e se tornar um funcion\u00e1rio p\u00fablico voc\u00eas asseguram muitos direitos, mas tamb\u00e9m muitas responsabilidades com as nossas crian\u00e7as e a nossa popula\u00e7\u00e3o\u201d, afirmou Maria do Carmo.<\/p>\n<p>&nbsp;<\/p>\n<p>Os convocados v\u00e3o realizar a fun\u00e7\u00e3o de T\u00e9cnico de Organiza\u00e7\u00e3o Escolar II (T\u00e9cnico de Educa\u00e7\u00e3o Infantil). Desde a realiza\u00e7\u00e3o do concurso, o prefeito Marcelo Iunes j\u00e1 convocou 210 aprovados para os cargos de n\u00edvel m\u00e9dio e superior para integrarem o quadro permanente da Secretaria Municipal de Educa\u00e7\u00e3o de Corumb\u00e1.<\/p>\n","protected":false},"excerpt":{"rendered":"<p>Mais oito candidatos aprovados no Concurso da Educa\u00e7\u00e3o foram empossados nesta quinta-feira, 8 de novembro,&#8230;<\/p>\n","protected":false},"author":1,"featured_media":24735,"comment_status":"closed","ping_status":"closed","sticky":false,"template":"","format":"standard","meta":{"footnotes":""},"categories":[6,8,10],"tags":[],"class_list":["post-24734","post","type-post","status-publish","format-standard","has-post-thumbnail","hentry","category-concurso","category-destaque","category-educacao"],"_links":{"self":[{"href":"https:\/\/www.corumbaonline.com.br\/news\/wp-json\/wp\/v2\/posts\/24734","targetHints":{"allow":["GET"]}}],"collection":[{"href":"https:\/\/www.corumbaonline.com.br\/news\/wp-json\/wp\/v2\/posts"}],"about":[{"href":"https:\/\/www.corumbaonline.com.br\/news\/wp-json\/wp\/v2\/types\/post"}],"author":[{"embeddable":true,"href":"https:\/\/www.corumbaonline.com.br\/news\/wp-json\/wp\/v2\/users\/1"}],"replies":[{"embeddable":true,"href":"https:\/\/www.corumbaonline.com.br\/news\/wp-json\/wp\/v2\/comments?post=24734"}],"version-history":[{"count":1,"href":"https:\/\/www.corumbaonline.com.br\/news\/wp-json\/wp\/v2\/posts\/24734\/revisions"}],"predecessor-version":[{"id":24736,"href":"https:\/\/www.corumbaonline.com.br\/news\/wp-json\/wp\/v2\/posts\/24734\/revisions\/24736"}],"wp:featuredmedia":[{"embeddable":true,"href":"https:\/\/www.corumbaonline.com.br\/news\/wp-json\/wp\/v2\/media\/24735"}],"wp:attachment":[{"href":"https:\/\/www.corumbaonline.com.br\/news\/wp-json\/wp\/v2\/media?parent=24734"}],"wp:term":[{"taxonomy":"category","embeddable":true,"href":"https:\/\/www.corumbaonline.com.br\/news\/wp-json\/wp\/v2\/categories?post=24734"},{"taxonomy":"post_tag","embeddable":true,"href":"https:\/\/www.corumbaonline.com.br\/news\/wp-json\/wp\/v2\/tags?post=24734"}],"curies":[{"name":"wp","href":"https:\/\/api.w.org\/{rel}","templated":true}]}}