{"id":25034,"date":"2018-11-17T10:22:38","date_gmt":"2018-11-17T13:22:38","guid":{"rendered":"http:\/\/www.corumbaonline.com.br\/news\/?p=25034"},"modified":"2018-11-17T10:56:25","modified_gmt":"2018-11-17T13:56:25","slug":"ms-esta-entre-os-finalistas-do-premio-nacional-do-turismo","status":"publish","type":"post","link":"https:\/\/www.corumbaonline.com.br\/news\/ms-esta-entre-os-finalistas-do-premio-nacional-do-turismo\/","title":{"rendered":"MS est\u00e1 entre os finalistas do Pr\u00eamio Nacional do Turismo"},"content":{"rendered":"<p>O diretor-presidente da Funda\u00e7\u00e3o de Turismo de Mato Grosso do Sul, Bruno Wendling, \u00e9 um dos cinco finalistas do Pr\u00eamio Nacional do Turismo 2018, na categoria Governo. Ele foi indicado por sua destacada atua\u00e7\u00e3o frente ao \u00f3rg\u00e3o oficial do turismo de MS. As ideias implantadas durante sua gest\u00e3o, de pouco menos de dois anos, ganharam notoriedade e foram reconhecidas nacional e internacionalmente.<\/p>\n<p>Entre as a\u00e7\u00f5es da gest\u00e3o de Wendling est\u00e3o a elabora\u00e7\u00e3o e implanta\u00e7\u00e3o da primeira Lei Estadual de Turismo, a cria\u00e7\u00e3o do Conselho Estadual de Turismo e a realiza\u00e7\u00e3o do curso para gestores p\u00fablicos municipais de turismo; formaliza\u00e7\u00e3o e profissionaliza\u00e7\u00e3o de tr\u00eas inst\u00e2ncias de governan\u00e7a regionais com destaque para cria\u00e7\u00e3o de uma associa\u00e7\u00e3o voltada para o mercado da Rota Pantanal-Bonito, integrando as duas principais regi\u00f5es tur\u00edsticas do Estado.<\/p>\n<p>Destaque tamb\u00e9m para a implanta\u00e7\u00e3o do primeiro\u00a0<a href=\"http:\/\/www.observatorioturismo.ms.gov.br\/\" target=\"_blank\" rel=\"noopener noreferrer\">Observat\u00f3rio de Turismo<\/a>\u00a0do Estado e do primeiro\u00a0<a href=\"http:\/\/www.visitms.com.br\/\" target=\"_blank\" rel=\"noopener noreferrer\">site<\/a>de turismo voltado para o mercado do Estado; cria\u00e7\u00e3o da campanha promocional \u201cVisitMS \u2013 voc\u00ea no seu melhor estado\u201d com o seu v\u00eddeo promocional sendo premiado como melhor v\u00eddeo de destino do Festival internacional \u00a0Audiovisual de Cultura e Turismo (Fiacult); implanta\u00e7\u00e3o dos editais de apoio a eventos geradores de fluxo tur\u00edstico; lan\u00e7amento do novo produto Cavalgadas Pantaneiras e capta\u00e7\u00e3o do 1\u00ba AdventureNEXT Latin America, um dos mais importantes eventos especializados em ecoturismo e turismo de aventura; e capta\u00e7\u00e3o de novos voos ligando os principais destinos tur\u00edsticos de Mato Grosso do Sul.<\/p>\n<p><strong>Vota\u00e7\u00e3o<\/strong><\/p>\n<p>J\u00e1 est\u00e1 dispon\u00edvel no Portal do Minist\u00e9rio do Turismo os links para\u00a0<a href=\"http:\/\/www.turismo.gov.br\/component\/content\/article.html?id=12110\" target=\"_blank\" rel=\"noopener noreferrer\">vota\u00e7\u00e3o online<\/a>\u00a0da 1\u00aa edi\u00e7\u00e3o do Pr\u00eamio Nacional do Turismo. Os destaques do turismo brasileiro em 2018 ser\u00e3o reconhecidos pelo Minist\u00e9rio do Turismo e pelo Conselho Nacional de Turismo atrav\u00e9s de vota\u00e7\u00e3o popular.<\/p>\n<p>Os vencedores v\u00e3o receber trof\u00e9us e certificados concedidos pelo MTur. A premia\u00e7\u00e3o tem como objetivo identificar, reconhecer e premiar iniciativas, casos de sucesso do turismo e profissionais que tenham inovado ou trabalhado de forma proativa para o desenvolvimento do turismo no Brasil.<\/p>\n<p>A cerim\u00f4nia de divulga\u00e7\u00e3o dos vencedores ser\u00e1 realizada a partir das 19h do dia 5 de dezembro no Rio de Janeiro. O palco da solenidade ser\u00e1 a Cidade das Artes, na Barra da Tijuca, com transmiss\u00e3o ao vivo pelas redes sociais do MTur. \u201cA premia\u00e7\u00e3o n\u00e3o tem valor financeiro, por\u00e9m grande valor simb\u00f3lico como incentivo e reconhecimento a pessoas e iniciativas que fazem a diferen\u00e7a no desenvolvimento do turismo no Pa\u00eds\u201d, afirma o ministro do Turismo, Vinicius Lummertz.<\/p>\n<p>S\u00e3o cinco finalistas para cada uma das cinco categorias: Academia, Governo, Iniciativa Privada, Organiza\u00e7\u00f5es N\u00e3o Governamentais e Imprensa e M\u00eddias Sociais. Para votar nos profissionais que est\u00e3o concorrendo ao Pr\u00eamio Nacional do Turismo 2018 na categoria em que concorre Bruno Wendling, \u00e9 s\u00f3 clicar no\u00a0<a href=\"http:\/\/www.turismo.gov.br\/component\/content\/article.html?id=12110\" target=\"_blank\" rel=\"noopener noreferrer\">Governo<\/a><strong>.<\/strong><\/p>\n","protected":false},"excerpt":{"rendered":"<p>O diretor-presidente da Funda\u00e7\u00e3o de Turismo de Mato Grosso do Sul, Bruno Wendling, \u00e9 um&#8230;<\/p>\n","protected":false},"author":1,"featured_media":25035,"comment_status":"closed","ping_status":"closed","sticky":false,"template":"","format":"standard","meta":{"footnotes":""},"categories":[23],"tags":[],"class_list":["post-25034","post","type-post","status-publish","format-standard","has-post-thumbnail","hentry","category-turismo"],"_links":{"self":[{"href":"https:\/\/www.corumbaonline.com.br\/news\/wp-json\/wp\/v2\/posts\/25034","targetHints":{"allow":["GET"]}}],"collection":[{"href":"https:\/\/www.corumbaonline.com.br\/news\/wp-json\/wp\/v2\/posts"}],"about":[{"href":"https:\/\/www.corumbaonline.com.br\/news\/wp-json\/wp\/v2\/types\/post"}],"author":[{"embeddable":true,"href":"https:\/\/www.corumbaonline.com.br\/news\/wp-json\/wp\/v2\/users\/1"}],"replies":[{"embeddable":true,"href":"https:\/\/www.corumbaonline.com.br\/news\/wp-json\/wp\/v2\/comments?post=25034"}],"version-history":[{"count":1,"href":"https:\/\/www.corumbaonline.com.br\/news\/wp-json\/wp\/v2\/posts\/25034\/revisions"}],"predecessor-version":[{"id":25036,"href":"https:\/\/www.corumbaonline.com.br\/news\/wp-json\/wp\/v2\/posts\/25034\/revisions\/25036"}],"wp:featuredmedia":[{"embeddable":true,"href":"https:\/\/www.corumbaonline.com.br\/news\/wp-json\/wp\/v2\/media\/25035"}],"wp:attachment":[{"href":"https:\/\/www.corumbaonline.com.br\/news\/wp-json\/wp\/v2\/media?parent=25034"}],"wp:term":[{"taxonomy":"category","embeddable":true,"href":"https:\/\/www.corumbaonline.com.br\/news\/wp-json\/wp\/v2\/categories?post=25034"},{"taxonomy":"post_tag","embeddable":true,"href":"https:\/\/www.corumbaonline.com.br\/news\/wp-json\/wp\/v2\/tags?post=25034"}],"curies":[{"name":"wp","href":"https:\/\/api.w.org\/{rel}","templated":true}]}}