{"id":25093,"date":"2018-11-19T09:35:10","date_gmt":"2018-11-19T12:35:10","guid":{"rendered":"http:\/\/www.corumbaonline.com.br\/news\/?p=25093"},"modified":"2018-11-19T09:55:53","modified_gmt":"2018-11-19T12:55:53","slug":"prefeitos-devem-conversar-com-temer-sobre-mudancas-no-mais-medicos","status":"publish","type":"post","link":"https:\/\/www.corumbaonline.com.br\/news\/prefeitos-devem-conversar-com-temer-sobre-mudancas-no-mais-medicos\/","title":{"rendered":"Prefeitos devem conversar com Temer sobre mudan\u00e7as no Mais M\u00e9dicos"},"content":{"rendered":"<p>O presidente Michel Temer participa hoje (19) \u00e0 tarde do Encontro dos Munic\u00edpios Brasileiros &#8211; Avan\u00e7os da Pauta Municipalista, na sede da Confedera\u00e7\u00e3o Nacional de Munic\u00edpios (CNM), em Bras\u00edlia. Participam tamb\u00e9m ministros, parlamentares e prefeitos. Uma das principais preocupa\u00e7\u00f5es dos prefeitos e secret\u00e1rios municipais de Sa\u00fade s\u00e3o as mudan\u00e7as no Programa Mais M\u00e9dicos.<\/p>\n<p>A CNM, na semana passada, divulgou notas em que demonstrou preocupa\u00e7\u00e3o com a sa\u00edda dos profissionais cubanos do programa. Segundo a nota de sexta-feira (16), foi feito um apelo ao Minist\u00e9rio da Sa\u00fade e \u00e0 Presid\u00eancia da Rep\u00fablica para novas medidas sejam apresentadas at\u00e9 sexta-feira (23).<\/p>\n<p>A entidade protocolou of\u00edcio na Embaixada de Cuba solicitando a perman\u00eancia dos profissionais cubanos at\u00e9 o fim do ano, bem como a abertura de negocia\u00e7\u00e3o com a confedera\u00e7\u00e3o e o governo brasileiro para que busquem alternativas para garantir o atendimento \u00e0 popula\u00e7\u00e3o brasileira.<\/p>\n<p>De acordo com a\u00a0<a href=\"https:\/\/www.cnm.org.br\/comunicacao\/noticias\/nota-da-cnm-sobre-o-programa-mais-medicos\" target=\"_blank\" rel=\"noopener noreferrer\">nota do CNM<\/a>,\u00a0 entre os 1.575 munic\u00edpios que t\u00eam somente m\u00e9dico cubano do programa, 80% possuem menos de 20 mil habitantes. O receio \u00e9 que a aus\u00eancia dos profissionais de Cuba leve \u00e0 desassist\u00eancia b\u00e1sica de sa\u00fade a mais de 28 milh\u00f5es de pessoas.<\/p>\n<p>O presidente eleito Jair Bolsonaro reiterou ontem (19) a decis\u00e3o de manter as exig\u00eancias aos profissionais de Cuba. Entre as medidas, est\u00e3o fazer o Revalida \u2013 prova que verifica conhecimentos espec\u00edficos na \u00e1rea m\u00e9dica, receber integralmente o sal\u00e1rio e poder trazer a fam\u00edlia para o Brasil. Tamb\u00e9m disse que sua decis\u00e3o \u00e9 baseada no fato de os\u00a0<a href=\"http:\/\/agenciabrasil.ebc.com.br\/politica\/noticia\/2018-11\/bolsonaro-volta-dizer-que-medicos-cubanos-sao-escravos-da-ditadura\" target=\"_blank\" rel=\"noopener noreferrer\">m\u00e9dicos cubanos serem tratados como escravos<\/a>\u00a0pelo governo de Cuba que decidiu\u00a0<a href=\"http:\/\/agenciabrasil.ebc.com.br\/saude\/noticia\/2018-11\/cuba-deixa-mais-medicos-por-discordar-de-exigencias-do-governo-eleito\" target=\"_blank\" rel=\"noopener noreferrer\">deixar o programa<\/a>\u00a0ap\u00f3s as declara\u00e7\u00f5es de Bolsonaro.<\/p>\n<h2>PPPs municipais<\/h2>\n<p>No encontro com os prefeitos, o ministro do Planejamento, Esteves Colnago, vai apresentar o Programa Federal de Apoio \u00e0s Concess\u00f5es e PPPs Municipais. A pol\u00edtica p\u00fablica de apoio \u00e0s concess\u00f5es e PPPs tem como foco incentivar investimentos em infraestrutura e a melhoria na qualidade dos servi\u00e7os nos munic\u00edpios.<\/p>\n<p>A disposi\u00e7\u00e3o \u00e9 para estimular a estrutura\u00e7\u00e3o de projetos de parceria principalmente para os setores de saneamento b\u00e1sico (\u00eanfase em abastecimento de \u00e1gua, esgotamento sanit\u00e1rio e res\u00edduos s\u00f3lidos urbanos), ilumina\u00e7\u00e3o p\u00fablica e mobilidade urbana.<\/p>\n<p>Os programas s\u00e3o coordenados pelo Minist\u00e9rio do Planejamento, em parceria com o Minist\u00e9rio das Cidades, e executados pela Caixa.<\/p>\n<h2>Reuni\u00f5es<\/h2>\n<p>Al\u00e9m de participar do encontro com os prefeitos, Temer coordena hoje reuni\u00e3o com tr\u00eas ministros e dois secret\u00e1rios, no Pal\u00e1cio do Planalto. Participam os ministros de Minas e Energia, Moreira Franco, dos Transportes, Portos e Avia\u00e7\u00e3o Civil, Valter Casimiro, e da Secretaria de Governo da Presid\u00eancia, Carlos Marun.<\/p>\n<p>Tamb\u00e9m estar\u00e3o presentes o secret\u00e1rio-geral do Minist\u00e9rio das Rela\u00e7\u00f5es Exteriores, Marcos Abbott Galv\u00e3o, o secret\u00e1rio-executivo do Gabinete de Seguran\u00e7a Institucional, General Stumpf, e o presidente da Eletrobr\u00e1s, Wilson Ferreira J\u00fanior.<\/p>\n<p>O presidente tamb\u00e9m tem uma reuni\u00e3o marcada com a advogada-geral da Uni\u00e3o (AGU), Grace Mendon\u00e7a, no Planalto.<\/p>\n","protected":false},"excerpt":{"rendered":"<p>O presidente Michel Temer participa hoje (19) \u00e0 tarde do Encontro dos Munic\u00edpios Brasileiros &#8211;&#8230;<\/p>\n","protected":false},"author":1,"featured_media":0,"comment_status":"closed","ping_status":"closed","sticky":false,"template":"","format":"standard","meta":{"footnotes":""},"categories":[19,21],"tags":[],"class_list":["post-25093","post","type-post","status-publish","format-standard","hentry","category-politica","category-saude"],"_links":{"self":[{"href":"https:\/\/www.corumbaonline.com.br\/news\/wp-json\/wp\/v2\/posts\/25093","targetHints":{"allow":["GET"]}}],"collection":[{"href":"https:\/\/www.corumbaonline.com.br\/news\/wp-json\/wp\/v2\/posts"}],"about":[{"href":"https:\/\/www.corumbaonline.com.br\/news\/wp-json\/wp\/v2\/types\/post"}],"author":[{"embeddable":true,"href":"https:\/\/www.corumbaonline.com.br\/news\/wp-json\/wp\/v2\/users\/1"}],"replies":[{"embeddable":true,"href":"https:\/\/www.corumbaonline.com.br\/news\/wp-json\/wp\/v2\/comments?post=25093"}],"version-history":[{"count":1,"href":"https:\/\/www.corumbaonline.com.br\/news\/wp-json\/wp\/v2\/posts\/25093\/revisions"}],"predecessor-version":[{"id":25094,"href":"https:\/\/www.corumbaonline.com.br\/news\/wp-json\/wp\/v2\/posts\/25093\/revisions\/25094"}],"wp:attachment":[{"href":"https:\/\/www.corumbaonline.com.br\/news\/wp-json\/wp\/v2\/media?parent=25093"}],"wp:term":[{"taxonomy":"category","embeddable":true,"href":"https:\/\/www.corumbaonline.com.br\/news\/wp-json\/wp\/v2\/categories?post=25093"},{"taxonomy":"post_tag","embeddable":true,"href":"https:\/\/www.corumbaonline.com.br\/news\/wp-json\/wp\/v2\/tags?post=25093"}],"curies":[{"name":"wp","href":"https:\/\/api.w.org\/{rel}","templated":true}]}}