{"id":25095,"date":"2018-11-19T09:47:28","date_gmt":"2018-11-19T12:47:28","guid":{"rendered":"http:\/\/www.corumbaonline.com.br\/news\/?p=25095"},"modified":"2018-11-19T09:58:25","modified_gmt":"2018-11-19T12:58:25","slug":"vereador-pede-informacoes-sobre-lei-que-institui-area-azul-em-corumba","status":"publish","type":"post","link":"https:\/\/www.corumbaonline.com.br\/news\/vereador-pede-informacoes-sobre-lei-que-institui-area-azul-em-corumba\/","title":{"rendered":"Vereador pede informa\u00e7\u00f5es sobre Lei que institui \u00c1rea Azul em Corumb\u00e1"},"content":{"rendered":"<p><span style=\"color: #000000;\">O ordenamento do estacionamento na \u00e1rea central de Corumb\u00e1 volta ser debatido na C\u00e2mara Municipal, no sentido de amenizar os problemas de falta de vagas na regi\u00e3o, principalmente no setor comercial.<\/span><\/p>\n<p><span style=\"color: #000000;\">Durante sess\u00e3o na C\u00e2mara, o vereador Manoel Rodrigues solicitou encaminhando de requerimento ao prefeito Marcelo Iunes, bem como ao diretor da Ag\u00eancia Municipal de Tr\u00e2nsito e Transporte (Agetrat), Sicard Maciel de Barros, pedindo informa\u00e7\u00f5es em rela\u00e7\u00e3o \u00e0 Lei Municipal n\u00ba 2.346\/2013, que disp\u00f5e sobre a implanta\u00e7\u00e3o do estacionamento rotativo em \u00e1reas previamente determinadas em Corumb\u00e1, conhecidas como a Lei da \u00c1rea Azul.<\/span><\/p>\n<p><span style=\"color: #000000;\">O vereador pede ao Poder Executivo que a Lei seja colocada em pr\u00e1tica, para solucionar um s\u00e9rio problema no sistema rotativo de estacionamento. \u201cA Lei foi aprovada em 2013 e precisa ser colocada em pr\u00e1tica para amenizar a falta de vagas nas ruas do centro, oportunizando a mais pessoas o uso das mesmas\u201d, explicou.<\/span><\/p>\n<p><span style=\"color: #000000;\">Ele lembra que o sistema vai beneficiar o com\u00e9rcio em geral, bem como as pessoas que se dirigem ao centro para compras, mas encontram dificuldades em estacionar seus ve\u00edculos. Cita que a implanta\u00e7\u00e3o da \u00c1rea Azul vai tamb\u00e9m permitir definir locais para estacionamentos de carros e motos que, hoje, se misturam pela cidade.<\/span><\/p>\n<h1><span style=\"color: #000000;\">Lajotamento<\/span><\/h1>\n<p><span style=\"color: #000000;\">Por outro lado, Manoel solicitou \u00e0 Prefeitura, por meio da Secretaria Municipal de Infraestrutura e Servi\u00e7os P\u00fablicos, o lajotamento com infraestrutura da Alameda Projetada D, no Bairro Cravo. Ele informa que a via fica intransit\u00e1vel durante o per\u00edodo chuvoso, al\u00e9m de buracos e intensa poeira no per\u00edodo de seca, prejudicando moradores da regi\u00e3o.<\/span><\/p>\n","protected":false},"excerpt":{"rendered":"<p>O ordenamento do estacionamento na \u00e1rea central de Corumb\u00e1 volta ser debatido na C\u00e2mara Municipal,&#8230;<\/p>\n","protected":false},"author":1,"featured_media":25096,"comment_status":"closed","ping_status":"closed","sticky":false,"template":"","format":"standard","meta":{"footnotes":""},"categories":[19],"tags":[],"class_list":["post-25095","post","type-post","status-publish","format-standard","has-post-thumbnail","hentry","category-politica"],"_links":{"self":[{"href":"https:\/\/www.corumbaonline.com.br\/news\/wp-json\/wp\/v2\/posts\/25095","targetHints":{"allow":["GET"]}}],"collection":[{"href":"https:\/\/www.corumbaonline.com.br\/news\/wp-json\/wp\/v2\/posts"}],"about":[{"href":"https:\/\/www.corumbaonline.com.br\/news\/wp-json\/wp\/v2\/types\/post"}],"author":[{"embeddable":true,"href":"https:\/\/www.corumbaonline.com.br\/news\/wp-json\/wp\/v2\/users\/1"}],"replies":[{"embeddable":true,"href":"https:\/\/www.corumbaonline.com.br\/news\/wp-json\/wp\/v2\/comments?post=25095"}],"version-history":[{"count":1,"href":"https:\/\/www.corumbaonline.com.br\/news\/wp-json\/wp\/v2\/posts\/25095\/revisions"}],"predecessor-version":[{"id":25097,"href":"https:\/\/www.corumbaonline.com.br\/news\/wp-json\/wp\/v2\/posts\/25095\/revisions\/25097"}],"wp:featuredmedia":[{"embeddable":true,"href":"https:\/\/www.corumbaonline.com.br\/news\/wp-json\/wp\/v2\/media\/25096"}],"wp:attachment":[{"href":"https:\/\/www.corumbaonline.com.br\/news\/wp-json\/wp\/v2\/media?parent=25095"}],"wp:term":[{"taxonomy":"category","embeddable":true,"href":"https:\/\/www.corumbaonline.com.br\/news\/wp-json\/wp\/v2\/categories?post=25095"},{"taxonomy":"post_tag","embeddable":true,"href":"https:\/\/www.corumbaonline.com.br\/news\/wp-json\/wp\/v2\/tags?post=25095"}],"curies":[{"name":"wp","href":"https:\/\/api.w.org\/{rel}","templated":true}]}}