{"id":25109,"date":"2018-11-19T10:52:35","date_gmt":"2018-11-19T13:52:35","guid":{"rendered":"http:\/\/www.corumbaonline.com.br\/news\/?p=25109"},"modified":"2018-11-19T11:09:23","modified_gmt":"2018-11-19T14:09:23","slug":"depois-de-coordenar-campanha-de-reinaldo-carlos-alberto-assis-reassume-sad","status":"publish","type":"post","link":"https:\/\/www.corumbaonline.com.br\/news\/depois-de-coordenar-campanha-de-reinaldo-carlos-alberto-assis-reassume-sad\/","title":{"rendered":"Depois de coordenar campanha de Reinaldo, Carlos Alberto Assis reassume SAD"},"content":{"rendered":"<p>O Governo Estadual publicou, nesta segunda-feira (19), a nomea\u00e7\u00e3o de Carlos Alberto Assis para o cargo de Secret\u00e1rio de Estado de Administra\u00e7\u00e3o e Desburocratiza\u00e7\u00e3o. Assis havia sido exonerado do cargo em agosto para coordenar a campanha \u00e0 reelei\u00e7\u00e3o do governador Reinaldo Azambuja (PSDB).<\/p>\n<p>Durante sua aus\u00eancia, a pasta foi comandada por \u00c9dio de Souza Viegas, que retorna ao cargo de secret\u00e1rio-adjunto, conforme publica\u00e7\u00e3o no Di\u00e1rio Oficial. A volta de Assis j\u00e1 era dada como certa nos bastidores do Parque dos Poderes.<\/p>\n<p>Nas \u00faltimas elei\u00e7\u00f5es municipais, em 2016, Assis tamb\u00e9m havia se ausentado da dire\u00e7\u00e3o da SAD (Secretaria de Estado de Administra\u00e7\u00e3o e Desburocratiza\u00e7\u00e3o) para coordenar a campanha para a Prefeitura de Campo Grande da vice-governadora Rose Modesto (PSDB). O secret\u00e1rio tamb\u00e9m esteve \u00e0 frente das campanhas do PSDB em 2012 e 2014.<\/p>\n","protected":false},"excerpt":{"rendered":"<p>O Governo Estadual publicou, nesta segunda-feira (19), a nomea\u00e7\u00e3o de Carlos Alberto Assis para o&#8230;<\/p>\n","protected":false},"author":1,"featured_media":0,"comment_status":"closed","ping_status":"closed","sticky":false,"template":"","format":"standard","meta":{"footnotes":""},"categories":[19],"tags":[],"class_list":["post-25109","post","type-post","status-publish","format-standard","hentry","category-politica"],"_links":{"self":[{"href":"https:\/\/www.corumbaonline.com.br\/news\/wp-json\/wp\/v2\/posts\/25109","targetHints":{"allow":["GET"]}}],"collection":[{"href":"https:\/\/www.corumbaonline.com.br\/news\/wp-json\/wp\/v2\/posts"}],"about":[{"href":"https:\/\/www.corumbaonline.com.br\/news\/wp-json\/wp\/v2\/types\/post"}],"author":[{"embeddable":true,"href":"https:\/\/www.corumbaonline.com.br\/news\/wp-json\/wp\/v2\/users\/1"}],"replies":[{"embeddable":true,"href":"https:\/\/www.corumbaonline.com.br\/news\/wp-json\/wp\/v2\/comments?post=25109"}],"version-history":[{"count":1,"href":"https:\/\/www.corumbaonline.com.br\/news\/wp-json\/wp\/v2\/posts\/25109\/revisions"}],"predecessor-version":[{"id":25110,"href":"https:\/\/www.corumbaonline.com.br\/news\/wp-json\/wp\/v2\/posts\/25109\/revisions\/25110"}],"wp:attachment":[{"href":"https:\/\/www.corumbaonline.com.br\/news\/wp-json\/wp\/v2\/media?parent=25109"}],"wp:term":[{"taxonomy":"category","embeddable":true,"href":"https:\/\/www.corumbaonline.com.br\/news\/wp-json\/wp\/v2\/categories?post=25109"},{"taxonomy":"post_tag","embeddable":true,"href":"https:\/\/www.corumbaonline.com.br\/news\/wp-json\/wp\/v2\/tags?post=25109"}],"curies":[{"name":"wp","href":"https:\/\/api.w.org\/{rel}","templated":true}]}}